{"id":18319,"date":"2020-09-17T20:04:51","date_gmt":"2020-09-17T20:04:51","guid":{"rendered":"https:\/\/blogdorogeriogomes.com.br\/?p=18319"},"modified":"2020-09-18T19:32:19","modified_gmt":"2020-09-18T19:32:19","slug":"sarto-fecha-com-eudoro-santana-para-coordenar-plano-de-governo-da-candidatura-a-prefeitura-de-fortaleza","status":"publish","type":"post","link":"https:\/\/blogdorogeriogomes.com.br\/noticias\/2020\/09\/sarto-fecha-com-eudoro-santana-para-coordenar-plano-de-governo-da-candidatura-a-prefeitura-de-fortaleza\/","title":{"rendered":"Sarto fecha com Eudoro Santana para coordenar plano de governo da candidatura \u00e0 Prefeitura de Fortaleza"},"content":{"rendered":"\n<p>O candidato do PDT \u00e0 Prefeitura de Fortaleza, Jos\u00e9 Sarto, fechou a equipe que vai elaborar o seu plano de governo, visando as elei\u00e7\u00f5es municipais de novembro. Nesta quinta-feira, dia 17 de setembro, ele fechou com o engenheiro civil Eudoro Santana, que ser\u00e1 um dos coordenadores respons\u00e1veis pela elabora\u00e7\u00e3o do plano. Eudoro \u00e9 pai do governador Camilo Santana e foi respons\u00e1vel pelo Plano Fortaleza 2040, que orienta as a\u00e7\u00f5es p\u00fablicas e privadas para o desenvolvimento urban\u00edstico, econ\u00f4mico e social da Capital. <\/p>\n\n\n\n<p>Tamb\u00e9m j\u00e1 comp\u00f5em a equipe de Jos\u00e9 Sartos, o suplente de senador Prisco Bezerra, que ser\u00e1 coordenador da campanha, e o ex-secret\u00e1rio de Infraestrutura de Fortaleza, Samuel Dias, coordenador do Plano de Governo. O candidato a vice \u00c9lcio Batista (PSB) tamb\u00e9m participar\u00e1 do planejamento do plano de governo.<\/p>\n\n\n\n<figure class=\"wp-block-image size-large\"><img loading=\"lazy\" decoding=\"async\" width=\"1024\" height=\"682\" src=\"https:\/\/blogdorogeriogomes.com.br\/wp-content\/uploads\/2020\/09\/IMG-20200917-WA0124-1024x682.jpg\" alt=\"\" class=\"wp-image-18320\" srcset=\"https:\/\/blogdorogeriogomes.com.br\/noticias\/wp-content\/uploads\/2020\/09\/IMG-20200917-WA0124-1024x682.jpg 1024w, https:\/\/blogdorogeriogomes.com.br\/noticias\/wp-content\/uploads\/2020\/09\/IMG-20200917-WA0124-300x200.jpg 300w, https:\/\/blogdorogeriogomes.com.br\/noticias\/wp-content\/uploads\/2020\/09\/IMG-20200917-WA0124-768x512.jpg 768w, https:\/\/blogdorogeriogomes.com.br\/noticias\/wp-content\/uploads\/2020\/09\/IMG-20200917-WA0124-800x533.jpg 800w, https:\/\/blogdorogeriogomes.com.br\/noticias\/wp-content\/uploads\/2020\/09\/IMG-20200917-WA0124.jpg 1280w\" sizes=\"auto, (max-width: 1024px) 100vw, 1024px\" \/><\/figure>\n","protected":false},"excerpt":{"rendered":"<p>O candidato do PDT \u00e0 Prefeitura de Fortaleza, Jos\u00e9 Sarto, fechou a equipe que vai elaborar o seu plano de governo, visando as elei\u00e7\u00f5es municipais de novembro. Nesta quinta-feira, dia 17 de setembro, ele fechou com o engenheiro civil Eudoro Santana, que ser\u00e1 um dos coordenadores respons\u00e1veis pela elabora\u00e7\u00e3o do plano. Eudoro \u00e9 pai do governador Camilo Santana e foi respons\u00e1vel pelo Plano Fortaleza 2040, que orienta as a\u00e7\u00f5es p\u00fablicas e privadas para o desenvolvimento urban\u00edstico, econ\u00f4mico e social&hellip;<\/p>\n","protected":false},"author":1,"featured_media":18320,"comment_status":"open","ping_status":"open","sticky":false,"template":"","format":"standard","meta":{"footnotes":""},"categories":[1],"tags":[],"class_list":["post-18319","post","type-post","status-publish","format-standard","has-post-thumbnail","hentry","category-noticias"],"_links":{"self":[{"href":"https:\/\/blogdorogeriogomes.com.br\/noticias\/wp-json\/wp\/v2\/posts\/18319","targetHints":{"allow":["GET"]}}],"collection":[{"href":"https:\/\/blogdorogeriogomes.com.br\/noticias\/wp-json\/wp\/v2\/posts"}],"about":[{"href":"https:\/\/blogdorogeriogomes.com.br\/noticias\/wp-json\/wp\/v2\/types\/post"}],"author":[{"embeddable":true,"href":"https:\/\/blogdorogeriogomes.com.br\/noticias\/wp-json\/wp\/v2\/users\/1"}],"replies":[{"embeddable":true,"href":"https:\/\/blogdorogeriogomes.com.br\/noticias\/wp-json\/wp\/v2\/comments?post=18319"}],"version-history":[{"count":1,"href":"https:\/\/blogdorogeriogomes.com.br\/noticias\/wp-json\/wp\/v2\/posts\/18319\/revisions"}],"predecessor-version":[{"id":18321,"href":"https:\/\/blogdorogeriogomes.com.br\/noticias\/wp-json\/wp\/v2\/posts\/18319\/revisions\/18321"}],"wp:featuredmedia":[{"embeddable":true,"href":"https:\/\/blogdorogeriogomes.com.br\/noticias\/wp-json\/wp\/v2\/media\/18320"}],"wp:attachment":[{"href":"https:\/\/blogdorogeriogomes.com.br\/noticias\/wp-json\/wp\/v2\/media?parent=18319"}],"wp:term":[{"taxonomy":"category","embeddable":true,"href":"https:\/\/blogdorogeriogomes.com.br\/noticias\/wp-json\/wp\/v2\/categories?post=18319"},{"taxonomy":"post_tag","embeddable":true,"href":"https:\/\/blogdorogeriogomes.com.br\/noticias\/wp-json\/wp\/v2\/tags?post=18319"}],"curies":[{"name":"wp","href":"https:\/\/api.w.org\/{rel}","templated":true}]}}