{"id":18326,"date":"2020-09-18T09:44:23","date_gmt":"2020-09-18T09:44:23","guid":{"rendered":"https:\/\/blogdorogeriogomes.com.br\/?p=18326"},"modified":"2020-09-18T19:31:15","modified_gmt":"2020-09-18T19:31:15","slug":"caixa-paga-mais-uma-parcela-do-auxilio-emergencial-mas-ha-beneficiados-que-ja-terao-o-valor-reduzido","status":"publish","type":"post","link":"https:\/\/blogdorogeriogomes.com.br\/noticias\/2020\/09\/caixa-paga-mais-uma-parcela-do-auxilio-emergencial-mas-ha-beneficiados-que-ja-terao-o-valor-reduzido\/","title":{"rendered":"Caixa paga mais uma parcela do aux\u00edlio emergencial, mas h\u00e1 beneficiados que j\u00e1 ter\u00e3o o valor reduzido"},"content":{"rendered":"\n<p>A Caixa Econ\u00f4mica Federal paga nesta sexta-feira, dia 18 de setembro, mais uma parcela do Aux\u00edlio Emergencial a 5,6 milh\u00f5es de trabalhadores. Neste grupo, est\u00e3o 1,6 milh\u00e3o de trabalhadores que fazem parte do Bolsa Fam\u00edlia, e 4 milh\u00f5es de trabalhadores, que fazem parte do Cadastro \u00danico e aqueles inscritos por meio de aplicativo, site ou pelos Correios.<\/p>\n\n\n\n<p>Quase tr\u00eas milh\u00f5es de benefici\u00e1rios do Bolsa Fam\u00edlia v\u00e3o deixar de receber o aux\u00edlio emergencial pago na pandemia de coronav\u00edrus. Esses cidad\u00e3os ficar\u00e3o sem as parcelas adicionais de R$ 300, liberadas at\u00e9 dezembro.<\/p>\n\n\n\n<p>No in\u00edcio do pagamento do benef\u00edcio, quando a renda por fam\u00edlia que se enquadrava nas regras do aux\u00edlio era de R$ 600, podendo chegar a R$ 1.200 para m\u00e3es chefes de fam\u00edlia, 19,2 milh\u00f5es de cidad\u00e3os que fazem parte do Bolsa Fam\u00edlia receberam a renda. Com o corte, o Governo Federal deve economizar cerca de R$ 11 bilh\u00f5es de reais.<\/p>\n\n\n\n<figure class=\"wp-block-image size-large\"><img loading=\"lazy\" decoding=\"async\" width=\"689\" height=\"445\" src=\"https:\/\/blogdorogeriogomes.com.br\/wp-content\/uploads\/2020\/09\/images-5-2.jpeg\" alt=\"\" class=\"wp-image-18327\" srcset=\"https:\/\/blogdorogeriogomes.com.br\/noticias\/wp-content\/uploads\/2020\/09\/images-5-2.jpeg 689w, https:\/\/blogdorogeriogomes.com.br\/noticias\/wp-content\/uploads\/2020\/09\/images-5-2-300x194.jpeg 300w\" sizes=\"auto, (max-width: 689px) 100vw, 689px\" \/><\/figure>\n","protected":false},"excerpt":{"rendered":"<p>A Caixa Econ\u00f4mica Federal paga nesta sexta-feira, dia 18 de setembro, mais uma parcela do Aux\u00edlio Emergencial a 5,6 milh\u00f5es de trabalhadores. Neste grupo, est\u00e3o 1,6 milh\u00e3o de trabalhadores que fazem parte do Bolsa Fam\u00edlia, e 4 milh\u00f5es de trabalhadores, que fazem parte do Cadastro \u00danico e aqueles inscritos por meio de aplicativo, site ou pelos Correios. Quase tr\u00eas milh\u00f5es de benefici\u00e1rios do Bolsa Fam\u00edlia v\u00e3o deixar de receber o aux\u00edlio emergencial pago na pandemia de coronav\u00edrus. Esses cidad\u00e3os&hellip;<\/p>\n","protected":false},"author":1,"featured_media":18327,"comment_status":"open","ping_status":"open","sticky":false,"template":"","format":"standard","meta":{"footnotes":""},"categories":[1],"tags":[],"class_list":["post-18326","post","type-post","status-publish","format-standard","has-post-thumbnail","hentry","category-noticias"],"_links":{"self":[{"href":"https:\/\/blogdorogeriogomes.com.br\/noticias\/wp-json\/wp\/v2\/posts\/18326","targetHints":{"allow":["GET"]}}],"collection":[{"href":"https:\/\/blogdorogeriogomes.com.br\/noticias\/wp-json\/wp\/v2\/posts"}],"about":[{"href":"https:\/\/blogdorogeriogomes.com.br\/noticias\/wp-json\/wp\/v2\/types\/post"}],"author":[{"embeddable":true,"href":"https:\/\/blogdorogeriogomes.com.br\/noticias\/wp-json\/wp\/v2\/users\/1"}],"replies":[{"embeddable":true,"href":"https:\/\/blogdorogeriogomes.com.br\/noticias\/wp-json\/wp\/v2\/comments?post=18326"}],"version-history":[{"count":1,"href":"https:\/\/blogdorogeriogomes.com.br\/noticias\/wp-json\/wp\/v2\/posts\/18326\/revisions"}],"predecessor-version":[{"id":18328,"href":"https:\/\/blogdorogeriogomes.com.br\/noticias\/wp-json\/wp\/v2\/posts\/18326\/revisions\/18328"}],"wp:featuredmedia":[{"embeddable":true,"href":"https:\/\/blogdorogeriogomes.com.br\/noticias\/wp-json\/wp\/v2\/media\/18327"}],"wp:attachment":[{"href":"https:\/\/blogdorogeriogomes.com.br\/noticias\/wp-json\/wp\/v2\/media?parent=18326"}],"wp:term":[{"taxonomy":"category","embeddable":true,"href":"https:\/\/blogdorogeriogomes.com.br\/noticias\/wp-json\/wp\/v2\/categories?post=18326"},{"taxonomy":"post_tag","embeddable":true,"href":"https:\/\/blogdorogeriogomes.com.br\/noticias\/wp-json\/wp\/v2\/tags?post=18326"}],"curies":[{"name":"wp","href":"https:\/\/api.w.org\/{rel}","templated":true}]}}