{"id":18329,"date":"2020-09-18T19:25:27","date_gmt":"2020-09-18T19:25:27","guid":{"rendered":"https:\/\/blogdorogeriogomes.com.br\/?p=18329"},"modified":"2020-09-18T19:29:40","modified_gmt":"2020-09-18T19:29:40","slug":"secultfor-lanca-editais-para-distribuicao-dos-recursos-da-lei-aldir-blanc","status":"publish","type":"post","link":"https:\/\/blogdorogeriogomes.com.br\/noticias\/2020\/09\/secultfor-lanca-editais-para-distribuicao-dos-recursos-da-lei-aldir-blanc\/","title":{"rendered":"Secultfor lan\u00e7a editais para distribui\u00e7\u00e3o dos recursos da Lei Aldir Blanc"},"content":{"rendered":"\n<p>A Secretaria da Cultura de Fortaleza&nbsp;(Secultfor)&nbsp;lan\u00e7ou, nesta sexta-feira, dia 18 de setembro,&nbsp;os editais de apoio emergencial \u00e0 classe&nbsp;art\u00edstica&nbsp;concedidos pela Lei Aldir Blanc.&nbsp;As inscri\u00e7\u00f5es devem ser realizadas&nbsp;entre os dias 21 e 30 de setembro&nbsp;por meio do Mapa Cultural de Fortaleza.&nbsp;A a\u00e7\u00e3o \u00e9 uma forma de amenizar os efeitos da crise causada pela pandemia do novo&nbsp;coronav\u00edrus.&nbsp;&nbsp;<\/p>\n\n\n\n<p>Em Fortaleza, o&nbsp;investimento chega a&nbsp;R$ 17 milh\u00f5es e 820 mil reais em tr\u00eas chamadas p\u00fablicas. Podem participar artistas, grupos, coletivos, agentes culturais, profissionais da cadeia produtiva, espa\u00e7os art\u00edsticos, microempresas e pequenas empresas culturais, cooperativas, institui\u00e7\u00f5es e organiza\u00e7\u00f5es comunit\u00e1rias.&nbsp;Em cada edital, s\u00f3 \u00e9 permitido uma inscri\u00e7\u00e3o do mesmo proponente, seja Pessoa F\u00edsica ou Pessoa Jur\u00eddica.&nbsp;<\/p>\n\n\n\n<p>No caso da concess\u00e3o aos espa\u00e7os culturais, ser\u00e1 disponibilizado um recurso de R$ 10,5 milh\u00f5es e, ao todo,&nbsp;ser\u00e3o 800 beneficiados. Os projetos de Pessoa Jur\u00eddica devem receber R$ 15 mil, enquanto os de Pessoa F\u00edsica receber\u00e3o R$ 9 mil.&nbsp;&nbsp;<\/p>\n\n\n\n<figure class=\"wp-block-image size-large\"><img loading=\"lazy\" decoding=\"async\" width=\"1024\" height=\"683\" src=\"https:\/\/blogdorogeriogomes.com.br\/wp-content\/uploads\/2020\/09\/mg_8945-13564545-1024x683.jpg\" alt=\"\" class=\"wp-image-18330\" srcset=\"https:\/\/blogdorogeriogomes.com.br\/noticias\/wp-content\/uploads\/2020\/09\/mg_8945-13564545-1024x683.jpg 1024w, https:\/\/blogdorogeriogomes.com.br\/noticias\/wp-content\/uploads\/2020\/09\/mg_8945-13564545-300x200.jpg 300w, https:\/\/blogdorogeriogomes.com.br\/noticias\/wp-content\/uploads\/2020\/09\/mg_8945-13564545-768x512.jpg 768w, https:\/\/blogdorogeriogomes.com.br\/noticias\/wp-content\/uploads\/2020\/09\/mg_8945-13564545-1536x1024.jpg 1536w, https:\/\/blogdorogeriogomes.com.br\/noticias\/wp-content\/uploads\/2020\/09\/mg_8945-13564545-800x533.jpg 800w, https:\/\/blogdorogeriogomes.com.br\/noticias\/wp-content\/uploads\/2020\/09\/mg_8945-13564545.jpg 1920w\" sizes=\"auto, (max-width: 1024px) 100vw, 1024px\" \/><\/figure>\n","protected":false},"excerpt":{"rendered":"<p>A Secretaria da Cultura de Fortaleza&nbsp;(Secultfor)&nbsp;lan\u00e7ou, nesta sexta-feira, dia 18 de setembro,&nbsp;os editais de apoio emergencial \u00e0 classe&nbsp;art\u00edstica&nbsp;concedidos pela Lei Aldir Blanc.&nbsp;As inscri\u00e7\u00f5es devem ser realizadas&nbsp;entre os dias 21 e 30 de setembro&nbsp;por meio do Mapa Cultural de Fortaleza.&nbsp;A a\u00e7\u00e3o \u00e9 uma forma de amenizar os efeitos da crise causada pela pandemia do novo&nbsp;coronav\u00edrus.&nbsp;&nbsp; Em Fortaleza, o&nbsp;investimento chega a&nbsp;R$ 17 milh\u00f5es e 820 mil reais em tr\u00eas chamadas p\u00fablicas. Podem participar artistas, grupos, coletivos, agentes culturais, profissionais da cadeia&hellip;<\/p>\n","protected":false},"author":1,"featured_media":18330,"comment_status":"open","ping_status":"open","sticky":false,"template":"","format":"standard","meta":{"footnotes":""},"categories":[1],"tags":[],"class_list":["post-18329","post","type-post","status-publish","format-standard","has-post-thumbnail","hentry","category-noticias"],"_links":{"self":[{"href":"https:\/\/blogdorogeriogomes.com.br\/noticias\/wp-json\/wp\/v2\/posts\/18329","targetHints":{"allow":["GET"]}}],"collection":[{"href":"https:\/\/blogdorogeriogomes.com.br\/noticias\/wp-json\/wp\/v2\/posts"}],"about":[{"href":"https:\/\/blogdorogeriogomes.com.br\/noticias\/wp-json\/wp\/v2\/types\/post"}],"author":[{"embeddable":true,"href":"https:\/\/blogdorogeriogomes.com.br\/noticias\/wp-json\/wp\/v2\/users\/1"}],"replies":[{"embeddable":true,"href":"https:\/\/blogdorogeriogomes.com.br\/noticias\/wp-json\/wp\/v2\/comments?post=18329"}],"version-history":[{"count":2,"href":"https:\/\/blogdorogeriogomes.com.br\/noticias\/wp-json\/wp\/v2\/posts\/18329\/revisions"}],"predecessor-version":[{"id":18332,"href":"https:\/\/blogdorogeriogomes.com.br\/noticias\/wp-json\/wp\/v2\/posts\/18329\/revisions\/18332"}],"wp:featuredmedia":[{"embeddable":true,"href":"https:\/\/blogdorogeriogomes.com.br\/noticias\/wp-json\/wp\/v2\/media\/18330"}],"wp:attachment":[{"href":"https:\/\/blogdorogeriogomes.com.br\/noticias\/wp-json\/wp\/v2\/media?parent=18329"}],"wp:term":[{"taxonomy":"category","embeddable":true,"href":"https:\/\/blogdorogeriogomes.com.br\/noticias\/wp-json\/wp\/v2\/categories?post=18329"},{"taxonomy":"post_tag","embeddable":true,"href":"https:\/\/blogdorogeriogomes.com.br\/noticias\/wp-json\/wp\/v2\/tags?post=18329"}],"curies":[{"name":"wp","href":"https:\/\/api.w.org\/{rel}","templated":true}]}}