{"id":18336,"date":"2020-09-18T19:46:48","date_gmt":"2020-09-18T19:46:48","guid":{"rendered":"https:\/\/blogdorogeriogomes.com.br\/?p=18336"},"modified":"2020-09-22T12:10:34","modified_gmt":"2020-09-22T12:10:34","slug":"impasse-entre-inss-e-peritos-medicos-continua-e-retomada-do-atendimento-fica-comprometida","status":"publish","type":"post","link":"https:\/\/blogdorogeriogomes.com.br\/noticias\/2020\/09\/impasse-entre-inss-e-peritos-medicos-continua-e-retomada-do-atendimento-fica-comprometida\/","title":{"rendered":"Impasse entre INSS e peritos m\u00e9dicos continua e retomada do atendimento fica comprometida"},"content":{"rendered":"\n<p>O impasse entre a dire\u00e7\u00e3o nacional do INSS e os peritos m\u00e9dicos da institui\u00e7\u00e3o continua. Apesar do an\u00fancio desta sexta-feira, dia 18 de setembro, do secret\u00e1rio especial de Previd\u00eancia e Trabalho, Bruno Bianco, de que as per\u00edcias v\u00e3o recome\u00e7ar na segunda-feira, dia 21), a Associa\u00e7\u00e3o Nacional dos M\u00e9dicos Peritos da Previd\u00eancia Social afirmou que os profissionais s\u00f3 retomar\u00e3o as atividades ap\u00f3s eles mesmos inspecionarem as ag\u00eancias e aprovarem as condi\u00e7\u00f5es. <\/p>\n\n\n\n<p>Com o impasse, segundo o governo, n\u00e3o h\u00e1 garantia de que a popula\u00e7\u00e3o conseguir\u00e1 realizar as per\u00edcias na pr\u00f3xima semana. Os trabalhos de per\u00edcia deveriam ter sido retomados na segunda-feira, dia 14, mas os m\u00e9dicos se recusaram a voltar, reclamando da falta de condi\u00e7\u00f5es sanit\u00e1rias nas ag\u00eancias.<\/p>\n\n\n\n<figure class=\"wp-block-image size-large\"><img loading=\"lazy\" decoding=\"async\" width=\"739\" height=\"415\" src=\"https:\/\/blogdorogeriogomes.com.br\/wp-content\/uploads\/2020\/09\/images-6-1.jpeg\" alt=\"\" class=\"wp-image-18337\" srcset=\"https:\/\/blogdorogeriogomes.com.br\/noticias\/wp-content\/uploads\/2020\/09\/images-6-1.jpeg 739w, https:\/\/blogdorogeriogomes.com.br\/noticias\/wp-content\/uploads\/2020\/09\/images-6-1-300x168.jpeg 300w\" sizes=\"auto, (max-width: 739px) 100vw, 739px\" \/><\/figure>\n","protected":false},"excerpt":{"rendered":"<p>O impasse entre a dire\u00e7\u00e3o nacional do INSS e os peritos m\u00e9dicos da institui\u00e7\u00e3o continua. Apesar do an\u00fancio desta sexta-feira, dia 18 de setembro, do secret\u00e1rio especial de Previd\u00eancia e Trabalho, Bruno Bianco, de que as per\u00edcias v\u00e3o recome\u00e7ar na segunda-feira, dia 21), a Associa\u00e7\u00e3o Nacional dos M\u00e9dicos Peritos da Previd\u00eancia Social afirmou que os profissionais s\u00f3 retomar\u00e3o as atividades ap\u00f3s eles mesmos inspecionarem as ag\u00eancias e aprovarem as condi\u00e7\u00f5es. Com o impasse, segundo o governo, n\u00e3o h\u00e1 garantia&hellip;<\/p>\n","protected":false},"author":1,"featured_media":18337,"comment_status":"open","ping_status":"open","sticky":false,"template":"","format":"standard","meta":{"footnotes":""},"categories":[1],"tags":[],"class_list":["post-18336","post","type-post","status-publish","format-standard","has-post-thumbnail","hentry","category-noticias"],"_links":{"self":[{"href":"https:\/\/blogdorogeriogomes.com.br\/noticias\/wp-json\/wp\/v2\/posts\/18336","targetHints":{"allow":["GET"]}}],"collection":[{"href":"https:\/\/blogdorogeriogomes.com.br\/noticias\/wp-json\/wp\/v2\/posts"}],"about":[{"href":"https:\/\/blogdorogeriogomes.com.br\/noticias\/wp-json\/wp\/v2\/types\/post"}],"author":[{"embeddable":true,"href":"https:\/\/blogdorogeriogomes.com.br\/noticias\/wp-json\/wp\/v2\/users\/1"}],"replies":[{"embeddable":true,"href":"https:\/\/blogdorogeriogomes.com.br\/noticias\/wp-json\/wp\/v2\/comments?post=18336"}],"version-history":[{"count":1,"href":"https:\/\/blogdorogeriogomes.com.br\/noticias\/wp-json\/wp\/v2\/posts\/18336\/revisions"}],"predecessor-version":[{"id":18338,"href":"https:\/\/blogdorogeriogomes.com.br\/noticias\/wp-json\/wp\/v2\/posts\/18336\/revisions\/18338"}],"wp:featuredmedia":[{"embeddable":true,"href":"https:\/\/blogdorogeriogomes.com.br\/noticias\/wp-json\/wp\/v2\/media\/18337"}],"wp:attachment":[{"href":"https:\/\/blogdorogeriogomes.com.br\/noticias\/wp-json\/wp\/v2\/media?parent=18336"}],"wp:term":[{"taxonomy":"category","embeddable":true,"href":"https:\/\/blogdorogeriogomes.com.br\/noticias\/wp-json\/wp\/v2\/categories?post=18336"},{"taxonomy":"post_tag","embeddable":true,"href":"https:\/\/blogdorogeriogomes.com.br\/noticias\/wp-json\/wp\/v2\/tags?post=18336"}],"curies":[{"name":"wp","href":"https:\/\/api.w.org\/{rel}","templated":true}]}}