{"id":18339,"date":"2020-09-19T11:27:12","date_gmt":"2020-09-19T11:27:12","guid":{"rendered":"https:\/\/blogdorogeriogomes.com.br\/?p=18339"},"modified":"2020-09-22T12:10:10","modified_gmt":"2020-09-22T12:10:10","slug":"reducao-na-media-de-mortes-por-covid-19-em-fortaleza-mostra-estabilidade-ha-dois-meses","status":"publish","type":"post","link":"https:\/\/blogdorogeriogomes.com.br\/noticias\/2020\/09\/reducao-na-media-de-mortes-por-covid-19-em-fortaleza-mostra-estabilidade-ha-dois-meses\/","title":{"rendered":"Redu\u00e7\u00e3o na m\u00e9dia de mortes por Covid-19 em Fortaleza mostra estabilidade h\u00e1 dois meses"},"content":{"rendered":"\n<p>N\u00fameros da Secretaria de Sa\u00fade de Fortaleza mostram uma estabilidade na redu\u00e7\u00e3o da m\u00e9dia de mortes por Covid-19 na Capital j\u00e1 por dois meses. Neste per\u00edodo, a m\u00e9dia di\u00e1ria de \u00f3bitos em Fortaleza n\u00e3o passa de 10. N\u00e3o houve mortes pela doen\u00e7a nos dias 12 e 30 de agosto e 9, 17 e 18 de setembro.<\/p>\n\n\n\n<p>De acordo com o \u00faltimo boletim da Secretaria de Sa\u00fade do Cear\u00e1, Fortaleza tem 48.329 casos confirmados e 3.836 \u00f3bitos por Covid-19. O Cear\u00e1 registra 232.950 casos e 8.795 mortes por coronav\u00edrus.<\/p>\n\n\n\n<p>J\u00e1 o Brasil tem 135.872 mortes por Covid-19 e 4.498.227 diagn\u00f3sticos da doen\u00e7a confirmados at\u00e9 a manh\u00e3 deste s\u00e1bado, dia 19 de setembro, segundo o cons\u00f3rcio nacional de ve\u00edculos de imprensa.<\/p>\n\n\n\n<figure class=\"wp-block-image size-large\"><img loading=\"lazy\" decoding=\"async\" width=\"738\" height=\"415\" src=\"https:\/\/blogdorogeriogomes.com.br\/wp-content\/uploads\/2020\/09\/images-7-1.jpeg\" alt=\"\" class=\"wp-image-18340\" srcset=\"https:\/\/blogdorogeriogomes.com.br\/noticias\/wp-content\/uploads\/2020\/09\/images-7-1.jpeg 738w, https:\/\/blogdorogeriogomes.com.br\/noticias\/wp-content\/uploads\/2020\/09\/images-7-1-300x169.jpeg 300w\" sizes=\"auto, (max-width: 738px) 100vw, 738px\" \/><\/figure>\n","protected":false},"excerpt":{"rendered":"<p>N\u00fameros da Secretaria de Sa\u00fade de Fortaleza mostram uma estabilidade na redu\u00e7\u00e3o da m\u00e9dia de mortes por Covid-19 na Capital j\u00e1 por dois meses. Neste per\u00edodo, a m\u00e9dia di\u00e1ria de \u00f3bitos em Fortaleza n\u00e3o passa de 10. N\u00e3o houve mortes pela doen\u00e7a nos dias 12 e 30 de agosto e 9, 17 e 18 de setembro. De acordo com o \u00faltimo boletim da Secretaria de Sa\u00fade do Cear\u00e1, Fortaleza tem 48.329 casos confirmados e 3.836 \u00f3bitos por Covid-19. O&hellip;<\/p>\n","protected":false},"author":1,"featured_media":18340,"comment_status":"open","ping_status":"open","sticky":false,"template":"","format":"standard","meta":{"footnotes":""},"categories":[1],"tags":[],"class_list":["post-18339","post","type-post","status-publish","format-standard","has-post-thumbnail","hentry","category-noticias"],"_links":{"self":[{"href":"https:\/\/blogdorogeriogomes.com.br\/noticias\/wp-json\/wp\/v2\/posts\/18339","targetHints":{"allow":["GET"]}}],"collection":[{"href":"https:\/\/blogdorogeriogomes.com.br\/noticias\/wp-json\/wp\/v2\/posts"}],"about":[{"href":"https:\/\/blogdorogeriogomes.com.br\/noticias\/wp-json\/wp\/v2\/types\/post"}],"author":[{"embeddable":true,"href":"https:\/\/blogdorogeriogomes.com.br\/noticias\/wp-json\/wp\/v2\/users\/1"}],"replies":[{"embeddable":true,"href":"https:\/\/blogdorogeriogomes.com.br\/noticias\/wp-json\/wp\/v2\/comments?post=18339"}],"version-history":[{"count":1,"href":"https:\/\/blogdorogeriogomes.com.br\/noticias\/wp-json\/wp\/v2\/posts\/18339\/revisions"}],"predecessor-version":[{"id":18341,"href":"https:\/\/blogdorogeriogomes.com.br\/noticias\/wp-json\/wp\/v2\/posts\/18339\/revisions\/18341"}],"wp:featuredmedia":[{"embeddable":true,"href":"https:\/\/blogdorogeriogomes.com.br\/noticias\/wp-json\/wp\/v2\/media\/18340"}],"wp:attachment":[{"href":"https:\/\/blogdorogeriogomes.com.br\/noticias\/wp-json\/wp\/v2\/media?parent=18339"}],"wp:term":[{"taxonomy":"category","embeddable":true,"href":"https:\/\/blogdorogeriogomes.com.br\/noticias\/wp-json\/wp\/v2\/categories?post=18339"},{"taxonomy":"post_tag","embeddable":true,"href":"https:\/\/blogdorogeriogomes.com.br\/noticias\/wp-json\/wp\/v2\/tags?post=18339"}],"curies":[{"name":"wp","href":"https:\/\/api.w.org\/{rel}","templated":true}]}}