{"id":18345,"date":"2020-09-19T17:41:37","date_gmt":"2020-09-19T17:41:37","guid":{"rendered":"https:\/\/blogdorogeriogomes.com.br\/?p=18345"},"modified":"2020-09-22T12:09:39","modified_gmt":"2020-09-22T12:09:39","slug":"camilo-santana-autoriza-volta-de-aula-presencial-com-35-de-capacidade-das-escolas-publicas-e-privadas-a-partir-de-1-de-outubro","status":"publish","type":"post","link":"https:\/\/blogdorogeriogomes.com.br\/noticias\/2020\/09\/camilo-santana-autoriza-volta-de-aula-presencial-com-35-de-capacidade-das-escolas-publicas-e-privadas-a-partir-de-1-de-outubro\/","title":{"rendered":"Camilo Santana autoriza volta de aula presencial com 35% de capacidade das escolas p\u00fablicas e privadas a partir de 1\u00b0 de outubro"},"content":{"rendered":"\n<p>O Comit\u00ea Cientifico que acompanha a pandemia da Covid-19 no Cear\u00e1 liberou munic\u00edpios da macrorregi\u00e3o de Fortaleza a avan\u00e7arem mais uma etapa na retomada das aulas presencias, a partir do dia 1\u00b0 de outubro, nas escolas p\u00fablicas e particulares. O governador Camilo Santana confirmou, neste s\u00e1bado, dia 19 de setembro, um novo decreto onde fica autorizado o retorno das aulas com 35% dos estudantes da&nbsp;Educa\u00e7\u00e3o de Jovens e Adultos (EJA); do 9\u00ba ano do Ensino Fundamental; a 3\u00aa s\u00e9rie do Ensino M\u00e9dio, inclusive profissionalizante;&nbsp;e o 1\u00ba e 2\u00ba ano do Ensino Fundamental.&nbsp;A educa\u00e7\u00e3o infantil passa a poder receber at\u00e9 50% de sua capacidade.<\/p>\n\n\n\n<p>As escolas ter\u00e3o que cumprir algumas medidas para que o retorno seja permitido, como por exemplo realizar testes em profissionais da Educa\u00e7\u00e3o. Camilo deixou claro que a reabertura ficar\u00e1 a cargo das prefeituras e escolas particulares.&nbsp;As escolas devem continuar oferecendo o ensino remoto, como op\u00e7\u00e3o para os pais e alunos.<\/p>\n\n\n\n<figure class=\"wp-block-image size-large\"><img loading=\"lazy\" decoding=\"async\" width=\"1024\" height=\"576\" src=\"https:\/\/blogdorogeriogomes.com.br\/wp-content\/uploads\/2020\/09\/Captura-de-Tela-197-1200x675-1-1024x576.png\" alt=\"\" class=\"wp-image-18346\" srcset=\"https:\/\/blogdorogeriogomes.com.br\/noticias\/wp-content\/uploads\/2020\/09\/Captura-de-Tela-197-1200x675-1-1024x576.png 1024w, https:\/\/blogdorogeriogomes.com.br\/noticias\/wp-content\/uploads\/2020\/09\/Captura-de-Tela-197-1200x675-1-300x169.png 300w, https:\/\/blogdorogeriogomes.com.br\/noticias\/wp-content\/uploads\/2020\/09\/Captura-de-Tela-197-1200x675-1-768x432.png 768w, https:\/\/blogdorogeriogomes.com.br\/noticias\/wp-content\/uploads\/2020\/09\/Captura-de-Tela-197-1200x675-1-800x450.png 800w, https:\/\/blogdorogeriogomes.com.br\/noticias\/wp-content\/uploads\/2020\/09\/Captura-de-Tela-197-1200x675-1.png 1200w\" sizes=\"auto, (max-width: 1024px) 100vw, 1024px\" \/><\/figure>\n","protected":false},"excerpt":{"rendered":"<p>O Comit\u00ea Cientifico que acompanha a pandemia da Covid-19 no Cear\u00e1 liberou munic\u00edpios da macrorregi\u00e3o de Fortaleza a avan\u00e7arem mais uma etapa na retomada das aulas presencias, a partir do dia 1\u00b0 de outubro, nas escolas p\u00fablicas e particulares. O governador Camilo Santana confirmou, neste s\u00e1bado, dia 19 de setembro, um novo decreto onde fica autorizado o retorno das aulas com 35% dos estudantes da&nbsp;Educa\u00e7\u00e3o de Jovens e Adultos (EJA); do 9\u00ba ano do Ensino Fundamental; a 3\u00aa s\u00e9rie&hellip;<\/p>\n","protected":false},"author":1,"featured_media":18346,"comment_status":"open","ping_status":"open","sticky":false,"template":"","format":"standard","meta":{"footnotes":""},"categories":[1],"tags":[],"class_list":["post-18345","post","type-post","status-publish","format-standard","has-post-thumbnail","hentry","category-noticias"],"_links":{"self":[{"href":"https:\/\/blogdorogeriogomes.com.br\/noticias\/wp-json\/wp\/v2\/posts\/18345","targetHints":{"allow":["GET"]}}],"collection":[{"href":"https:\/\/blogdorogeriogomes.com.br\/noticias\/wp-json\/wp\/v2\/posts"}],"about":[{"href":"https:\/\/blogdorogeriogomes.com.br\/noticias\/wp-json\/wp\/v2\/types\/post"}],"author":[{"embeddable":true,"href":"https:\/\/blogdorogeriogomes.com.br\/noticias\/wp-json\/wp\/v2\/users\/1"}],"replies":[{"embeddable":true,"href":"https:\/\/blogdorogeriogomes.com.br\/noticias\/wp-json\/wp\/v2\/comments?post=18345"}],"version-history":[{"count":2,"href":"https:\/\/blogdorogeriogomes.com.br\/noticias\/wp-json\/wp\/v2\/posts\/18345\/revisions"}],"predecessor-version":[{"id":18370,"href":"https:\/\/blogdorogeriogomes.com.br\/noticias\/wp-json\/wp\/v2\/posts\/18345\/revisions\/18370"}],"wp:featuredmedia":[{"embeddable":true,"href":"https:\/\/blogdorogeriogomes.com.br\/noticias\/wp-json\/wp\/v2\/media\/18346"}],"wp:attachment":[{"href":"https:\/\/blogdorogeriogomes.com.br\/noticias\/wp-json\/wp\/v2\/media?parent=18345"}],"wp:term":[{"taxonomy":"category","embeddable":true,"href":"https:\/\/blogdorogeriogomes.com.br\/noticias\/wp-json\/wp\/v2\/categories?post=18345"},{"taxonomy":"post_tag","embeddable":true,"href":"https:\/\/blogdorogeriogomes.com.br\/noticias\/wp-json\/wp\/v2\/tags?post=18345"}],"curies":[{"name":"wp","href":"https:\/\/api.w.org\/{rel}","templated":true}]}}