{"id":18348,"date":"2020-09-21T09:17:14","date_gmt":"2020-09-21T09:17:14","guid":{"rendered":"https:\/\/blogdorogeriogomes.com.br\/?p=18348"},"modified":"2020-09-22T12:09:25","modified_gmt":"2020-09-22T12:09:25","slug":"sem-registro-de-pacientes-internados-desde-agosto-hospital-de-campanha-do-pv-comeca-a-ser-desmontado-nesta-segunda-feira","status":"publish","type":"post","link":"https:\/\/blogdorogeriogomes.com.br\/noticias\/2020\/09\/sem-registro-de-pacientes-internados-desde-agosto-hospital-de-campanha-do-pv-comeca-a-ser-desmontado-nesta-segunda-feira\/","title":{"rendered":"Sem registro de pacientes internados desde agosto, Hospital de Campanha do PV come\u00e7a a ser desmontado nesta segunda-feira"},"content":{"rendered":"\n<p>A Secretaria Municipal da Sa\u00fade de Fortaleza inicia o processo de desativa\u00e7\u00e3o do Hospital de Campanha do est\u00e1dio Presidente Vargas (PV), nesta segunda-feira, dia 21 de setembro. Com 280 leitos, a unidade foi inaugurada no dia 18 de abril e foi montada para atender pacientes com Covid-19. A unidade realizou 1.239 atendimentos no per\u00edodo da pandemia, onde 1.025 pacientes tiveram alta. O hospital n\u00e3o registra uma nova interna\u00e7\u00e3o desde o dia 1\u00ba de agosto passado.<\/p>\n\n\n\n<p>Os equipamentos utilizados no hospital ser\u00e3o distribu\u00eddos entre as unidades de sa\u00fade da rede municipal. Por isso, a Prefeitura de Fortaleza considera um momento seguro para efetivar a desativa\u00e7\u00e3o do equipamento.<\/p>\n\n\n\n<p>Agora, o gramado do PV vai passar por um processo de recupera\u00e7\u00e3o. A ideia \u00e9 aplicar um novo gramado no padr\u00e3o FIFA, para que o est\u00e1dio possa a voltar a receber jogos a partir de 2021.<\/p>\n\n\n\n<figure class=\"wp-block-image size-large\"><img loading=\"lazy\" decoding=\"async\" width=\"1024\" height=\"576\" src=\"https:\/\/blogdorogeriogomes.com.br\/wp-content\/uploads\/2020\/09\/Presidente-Vargas-1024x576.jpg\" alt=\"\" class=\"wp-image-18349\" srcset=\"https:\/\/blogdorogeriogomes.com.br\/noticias\/wp-content\/uploads\/2020\/09\/Presidente-Vargas-1024x576.jpg 1024w, https:\/\/blogdorogeriogomes.com.br\/noticias\/wp-content\/uploads\/2020\/09\/Presidente-Vargas-300x169.jpg 300w, https:\/\/blogdorogeriogomes.com.br\/noticias\/wp-content\/uploads\/2020\/09\/Presidente-Vargas-768x432.jpg 768w, https:\/\/blogdorogeriogomes.com.br\/noticias\/wp-content\/uploads\/2020\/09\/Presidente-Vargas-1536x864.jpg 1536w, https:\/\/blogdorogeriogomes.com.br\/noticias\/wp-content\/uploads\/2020\/09\/Presidente-Vargas-2048x1152.jpg 2048w, https:\/\/blogdorogeriogomes.com.br\/noticias\/wp-content\/uploads\/2020\/09\/Presidente-Vargas-800x450.jpg 800w\" sizes=\"auto, (max-width: 1024px) 100vw, 1024px\" \/><\/figure>\n","protected":false},"excerpt":{"rendered":"<p>A Secretaria Municipal da Sa\u00fade de Fortaleza inicia o processo de desativa\u00e7\u00e3o do Hospital de Campanha do est\u00e1dio Presidente Vargas (PV), nesta segunda-feira, dia 21 de setembro. Com 280 leitos, a unidade foi inaugurada no dia 18 de abril e foi montada para atender pacientes com Covid-19. A unidade realizou 1.239 atendimentos no per\u00edodo da pandemia, onde 1.025 pacientes tiveram alta. O hospital n\u00e3o registra uma nova interna\u00e7\u00e3o desde o dia 1\u00ba de agosto passado. Os equipamentos utilizados no&hellip;<\/p>\n","protected":false},"author":1,"featured_media":18349,"comment_status":"open","ping_status":"open","sticky":false,"template":"","format":"standard","meta":{"footnotes":""},"categories":[1],"tags":[],"class_list":["post-18348","post","type-post","status-publish","format-standard","has-post-thumbnail","hentry","category-noticias"],"_links":{"self":[{"href":"https:\/\/blogdorogeriogomes.com.br\/noticias\/wp-json\/wp\/v2\/posts\/18348","targetHints":{"allow":["GET"]}}],"collection":[{"href":"https:\/\/blogdorogeriogomes.com.br\/noticias\/wp-json\/wp\/v2\/posts"}],"about":[{"href":"https:\/\/blogdorogeriogomes.com.br\/noticias\/wp-json\/wp\/v2\/types\/post"}],"author":[{"embeddable":true,"href":"https:\/\/blogdorogeriogomes.com.br\/noticias\/wp-json\/wp\/v2\/users\/1"}],"replies":[{"embeddable":true,"href":"https:\/\/blogdorogeriogomes.com.br\/noticias\/wp-json\/wp\/v2\/comments?post=18348"}],"version-history":[{"count":1,"href":"https:\/\/blogdorogeriogomes.com.br\/noticias\/wp-json\/wp\/v2\/posts\/18348\/revisions"}],"predecessor-version":[{"id":18350,"href":"https:\/\/blogdorogeriogomes.com.br\/noticias\/wp-json\/wp\/v2\/posts\/18348\/revisions\/18350"}],"wp:featuredmedia":[{"embeddable":true,"href":"https:\/\/blogdorogeriogomes.com.br\/noticias\/wp-json\/wp\/v2\/media\/18349"}],"wp:attachment":[{"href":"https:\/\/blogdorogeriogomes.com.br\/noticias\/wp-json\/wp\/v2\/media?parent=18348"}],"wp:term":[{"taxonomy":"category","embeddable":true,"href":"https:\/\/blogdorogeriogomes.com.br\/noticias\/wp-json\/wp\/v2\/categories?post=18348"},{"taxonomy":"post_tag","embeddable":true,"href":"https:\/\/blogdorogeriogomes.com.br\/noticias\/wp-json\/wp\/v2\/tags?post=18348"}],"curies":[{"name":"wp","href":"https:\/\/api.w.org\/{rel}","templated":true}]}}