{"id":18351,"date":"2020-09-21T15:41:30","date_gmt":"2020-09-21T15:41:30","guid":{"rendered":"https:\/\/blogdorogeriogomes.com.br\/?p=18351"},"modified":"2020-09-22T12:09:10","modified_gmt":"2020-09-22T12:09:10","slug":"entrega-da-medalha-paulo-freire-homenageia-trabalhadores-da-educacao-em-fortaleza","status":"publish","type":"post","link":"https:\/\/blogdorogeriogomes.com.br\/noticias\/2020\/09\/entrega-da-medalha-paulo-freire-homenageia-trabalhadores-da-educacao-em-fortaleza\/","title":{"rendered":"Entrega da Medalha Paulo Freire homenageia trabalhadores da educa\u00e7\u00e3o em Fortaleza"},"content":{"rendered":"\n<p>A C\u00e2mara Municipal de Fortaleza entrega, nesta ter\u00e7a-feira, dia 22 de setembro, a Medalha Paulo Freire, comenda destinada a homenagear educadores fortalezenses de destaque. Ser\u00e3o homenageados o secret\u00e1rio adjunto da Educa\u00e7\u00e3o de Fortaleza, Jefferson de Queiroz Maia, o presidente do Conselho Municipal de Educa\u00e7\u00e3o, Raimundo Nonato Nogueira Lima, o&nbsp;secret\u00e1rio executivo de Ensino M\u00e9dio e da Educa\u00e7\u00e3o Profissional da Secretaria da Educa\u00e7\u00e3o do Cear\u00e1, Rogers Mendes, a coordenadora de Educa\u00e7\u00e3o Infantil da SME, Simone Domingos Calandrini e a Confedera\u00e7\u00e3o Nacional dos Trabalhadores em Educa\u00e7\u00e3o.<\/p>\n\n\n\n<p>O evento \u00e9 uma iniciativa do vereador Evaldo Lima (PC do B) e obedecer\u00e1 todas as orienta\u00e7\u00f5es de seguran\u00e7a sanit\u00e1ria, com p\u00fablico reduzido e dentro do distanciamento social na Casa Legislativa, em respeito aos devidos cuidados adotados diante da pandemia do Covid-19.<\/p>\n\n\n\n<p>Os nomes para a condecora\u00e7\u00e3o foram escolhidos por meio de reuni\u00e3o da Comiss\u00e3o de Educa\u00e7\u00e3o, Ci\u00eancia, Tecnologia, Inform\u00e1tica e Inova\u00e7\u00e3o da C\u00e2mara Municipal, que tem como presidente o vereador Evaldo Lima. A delibera\u00e7\u00e3o envolve a participa\u00e7\u00e3o de membros da Uni\u00e3o Nacional dos Estudantes (UNE), da Uni\u00e3o Brasileira dos Estudantes Secundaristas (UBES), da Universidade Federal do Cear\u00e1 (UFC), da Universidade Estadual do Cear\u00e1 (Uece) e da Secretaria Municipal de Educa\u00e7\u00e3o (SME).<\/p>\n\n\n\n<p>Evaldo Lima destaca que a Medalha Paulo Freire \u00e9 entregue anualmente pelo Legislativo em alus\u00e3o ao anivers\u00e1rio de Paulo Freire, considerado o Patrono da Educa\u00e7\u00e3o Brasileira, celebrado no dia 19 de setembro.&nbsp;<\/p>\n\n\n\n<figure class=\"wp-block-image size-large\"><img loading=\"lazy\" decoding=\"async\" width=\"678\" height=\"452\" src=\"https:\/\/blogdorogeriogomes.com.br\/wp-content\/uploads\/2020\/09\/images-15.jpeg\" alt=\"\" class=\"wp-image-18352\" srcset=\"https:\/\/blogdorogeriogomes.com.br\/noticias\/wp-content\/uploads\/2020\/09\/images-15.jpeg 678w, https:\/\/blogdorogeriogomes.com.br\/noticias\/wp-content\/uploads\/2020\/09\/images-15-300x200.jpeg 300w\" sizes=\"auto, (max-width: 678px) 100vw, 678px\" \/><\/figure>\n\n\n\n<p><\/p>\n\n\n\n<p><\/p>\n","protected":false},"excerpt":{"rendered":"<p>A C\u00e2mara Municipal de Fortaleza entrega, nesta ter\u00e7a-feira, dia 22 de setembro, a Medalha Paulo Freire, comenda destinada a homenagear educadores fortalezenses de destaque. Ser\u00e3o homenageados o secret\u00e1rio adjunto da Educa\u00e7\u00e3o de Fortaleza, Jefferson de Queiroz Maia, o presidente do Conselho Municipal de Educa\u00e7\u00e3o, Raimundo Nonato Nogueira Lima, o&nbsp;secret\u00e1rio executivo de Ensino M\u00e9dio e da Educa\u00e7\u00e3o Profissional da Secretaria da Educa\u00e7\u00e3o do Cear\u00e1, Rogers Mendes, a coordenadora de Educa\u00e7\u00e3o Infantil da SME, Simone Domingos Calandrini e a Confedera\u00e7\u00e3o Nacional&hellip;<\/p>\n","protected":false},"author":1,"featured_media":18352,"comment_status":"open","ping_status":"open","sticky":false,"template":"","format":"standard","meta":{"footnotes":""},"categories":[1],"tags":[],"class_list":["post-18351","post","type-post","status-publish","format-standard","has-post-thumbnail","hentry","category-noticias"],"_links":{"self":[{"href":"https:\/\/blogdorogeriogomes.com.br\/noticias\/wp-json\/wp\/v2\/posts\/18351","targetHints":{"allow":["GET"]}}],"collection":[{"href":"https:\/\/blogdorogeriogomes.com.br\/noticias\/wp-json\/wp\/v2\/posts"}],"about":[{"href":"https:\/\/blogdorogeriogomes.com.br\/noticias\/wp-json\/wp\/v2\/types\/post"}],"author":[{"embeddable":true,"href":"https:\/\/blogdorogeriogomes.com.br\/noticias\/wp-json\/wp\/v2\/users\/1"}],"replies":[{"embeddable":true,"href":"https:\/\/blogdorogeriogomes.com.br\/noticias\/wp-json\/wp\/v2\/comments?post=18351"}],"version-history":[{"count":3,"href":"https:\/\/blogdorogeriogomes.com.br\/noticias\/wp-json\/wp\/v2\/posts\/18351\/revisions"}],"predecessor-version":[{"id":18369,"href":"https:\/\/blogdorogeriogomes.com.br\/noticias\/wp-json\/wp\/v2\/posts\/18351\/revisions\/18369"}],"wp:featuredmedia":[{"embeddable":true,"href":"https:\/\/blogdorogeriogomes.com.br\/noticias\/wp-json\/wp\/v2\/media\/18352"}],"wp:attachment":[{"href":"https:\/\/blogdorogeriogomes.com.br\/noticias\/wp-json\/wp\/v2\/media?parent=18351"}],"wp:term":[{"taxonomy":"category","embeddable":true,"href":"https:\/\/blogdorogeriogomes.com.br\/noticias\/wp-json\/wp\/v2\/categories?post=18351"},{"taxonomy":"post_tag","embeddable":true,"href":"https:\/\/blogdorogeriogomes.com.br\/noticias\/wp-json\/wp\/v2\/tags?post=18351"}],"curies":[{"name":"wp","href":"https:\/\/api.w.org\/{rel}","templated":true}]}}