{"id":18354,"date":"2020-09-21T20:16:39","date_gmt":"2020-09-21T20:16:39","guid":{"rendered":"https:\/\/blogdorogeriogomes.com.br\/?p=18354"},"modified":"2020-09-22T12:08:33","modified_gmt":"2020-09-22T12:08:33","slug":"bolsonaro-fala-em-assembleia-da-onu-nesta-terca-feira-em-clima-de-conflito-com-a-entidade","status":"publish","type":"post","link":"https:\/\/blogdorogeriogomes.com.br\/noticias\/2020\/09\/bolsonaro-fala-em-assembleia-da-onu-nesta-terca-feira-em-clima-de-conflito-com-a-entidade\/","title":{"rendered":"Bolsonaro fala em assembleia da ONU nesta ter\u00e7a-feira em clima de conflito com a entidade"},"content":{"rendered":"\n<p>O presidente Jair Bolsonaro fala na abertura da Assembleia Geral das Na\u00e7\u00f5es Unidas, nesta ter\u00e7a-feira, dia 22 de setembro. O discurso acontece num momento de conflito do governo brasileiro com a entidade. O Brasil se recusa a aceitar que o Conselho de Direitos Humanos da ONU realize um debate sobre a crise na Amaz\u00f4nia e se op\u00f5e a qualquer tipo de investiga\u00e7\u00e3o internacional contra o pa\u00eds. Essas propostas tinham sido feitas na semana passada pela relatoria das Na\u00e7\u00f5es Unidas. Essa \u00e9 a primeira vez que o Brasil \u00e9 alvo de um pedido de uma investiga\u00e7\u00e3o em seu per\u00edodo democr\u00e1tico.<\/p>\n\n\n\n<p>A diplomacia brasileira criticou a ONU e se negou a aceitar qualquer ato nesse sentido. &#8220;O Brasil n\u00e3o vai se submeter \u00e0 tutela politizada, disfar\u00e7ada de um mandato t\u00e9cnico&#8221;, declarou a embaixadora do Brasil na ONU. <\/p>\n\n\n\n<p>O relator especial da ONU, Baskut Tunkat, respons\u00e1vel pelos temas de gest\u00e3o ambiental e res\u00edduos t\u00f3xicos, esteve em miss\u00e3o ao Brasil no final de 2019 e constatou s\u00e9rias viola\u00e7\u00f5es nas obriga\u00e7\u00f5es ambientais e de direitos humanos do Pa\u00eds, inclusive no contexto da pandemia da Covid-19.<\/p>\n\n\n\n<figure class=\"wp-block-image size-large\"><img loading=\"lazy\" decoding=\"async\" width=\"450\" height=\"337\" src=\"https:\/\/blogdorogeriogomes.com.br\/wp-content\/uploads\/2020\/09\/24set2019-bolsonaro-na-onu-1569361861693_v2_450x337.jpg\" alt=\"\" class=\"wp-image-18355\" srcset=\"https:\/\/blogdorogeriogomes.com.br\/noticias\/wp-content\/uploads\/2020\/09\/24set2019-bolsonaro-na-onu-1569361861693_v2_450x337.jpg 450w, https:\/\/blogdorogeriogomes.com.br\/noticias\/wp-content\/uploads\/2020\/09\/24set2019-bolsonaro-na-onu-1569361861693_v2_450x337-300x225.jpg 300w, https:\/\/blogdorogeriogomes.com.br\/noticias\/wp-content\/uploads\/2020\/09\/24set2019-bolsonaro-na-onu-1569361861693_v2_450x337-400x300.jpg 400w\" sizes=\"auto, (max-width: 450px) 100vw, 450px\" \/><\/figure>\n\n\n\n<p><\/p>\n","protected":false},"excerpt":{"rendered":"<p>O presidente Jair Bolsonaro fala na abertura da Assembleia Geral das Na\u00e7\u00f5es Unidas, nesta ter\u00e7a-feira, dia 22 de setembro. O discurso acontece num momento de conflito do governo brasileiro com a entidade. O Brasil se recusa a aceitar que o Conselho de Direitos Humanos da ONU realize um debate sobre a crise na Amaz\u00f4nia e se op\u00f5e a qualquer tipo de investiga\u00e7\u00e3o internacional contra o pa\u00eds. Essas propostas tinham sido feitas na semana passada pela relatoria das Na\u00e7\u00f5es Unidas.&hellip;<\/p>\n","protected":false},"author":1,"featured_media":18355,"comment_status":"open","ping_status":"open","sticky":false,"template":"","format":"standard","meta":{"footnotes":""},"categories":[1],"tags":[],"class_list":["post-18354","post","type-post","status-publish","format-standard","has-post-thumbnail","hentry","category-noticias"],"_links":{"self":[{"href":"https:\/\/blogdorogeriogomes.com.br\/noticias\/wp-json\/wp\/v2\/posts\/18354","targetHints":{"allow":["GET"]}}],"collection":[{"href":"https:\/\/blogdorogeriogomes.com.br\/noticias\/wp-json\/wp\/v2\/posts"}],"about":[{"href":"https:\/\/blogdorogeriogomes.com.br\/noticias\/wp-json\/wp\/v2\/types\/post"}],"author":[{"embeddable":true,"href":"https:\/\/blogdorogeriogomes.com.br\/noticias\/wp-json\/wp\/v2\/users\/1"}],"replies":[{"embeddable":true,"href":"https:\/\/blogdorogeriogomes.com.br\/noticias\/wp-json\/wp\/v2\/comments?post=18354"}],"version-history":[{"count":1,"href":"https:\/\/blogdorogeriogomes.com.br\/noticias\/wp-json\/wp\/v2\/posts\/18354\/revisions"}],"predecessor-version":[{"id":18356,"href":"https:\/\/blogdorogeriogomes.com.br\/noticias\/wp-json\/wp\/v2\/posts\/18354\/revisions\/18356"}],"wp:featuredmedia":[{"embeddable":true,"href":"https:\/\/blogdorogeriogomes.com.br\/noticias\/wp-json\/wp\/v2\/media\/18355"}],"wp:attachment":[{"href":"https:\/\/blogdorogeriogomes.com.br\/noticias\/wp-json\/wp\/v2\/media?parent=18354"}],"wp:term":[{"taxonomy":"category","embeddable":true,"href":"https:\/\/blogdorogeriogomes.com.br\/noticias\/wp-json\/wp\/v2\/categories?post=18354"},{"taxonomy":"post_tag","embeddable":true,"href":"https:\/\/blogdorogeriogomes.com.br\/noticias\/wp-json\/wp\/v2\/tags?post=18354"}],"curies":[{"name":"wp","href":"https:\/\/api.w.org\/{rel}","templated":true}]}}