{"id":18361,"date":"2020-09-22T09:13:08","date_gmt":"2020-09-22T09:13:08","guid":{"rendered":"https:\/\/blogdorogeriogomes.com.br\/?p=18361"},"modified":"2020-09-22T12:08:02","modified_gmt":"2020-09-22T12:08:02","slug":"ministerio-publico-pede-na-justica-que-etufor-passe-a-oferecer-100-da-frota-de-onibus-nos-horarios-de-pico-na-capital","status":"publish","type":"post","link":"https:\/\/blogdorogeriogomes.com.br\/noticias\/2020\/09\/ministerio-publico-pede-na-justica-que-etufor-passe-a-oferecer-100-da-frota-de-onibus-nos-horarios-de-pico-na-capital\/","title":{"rendered":"Minist\u00e9rio P\u00fablico pede na Justi\u00e7a que Etufor passe a oferecer 100% da frota de \u00f4nibus nos hor\u00e1rios de pico na Capital"},"content":{"rendered":"\n<p>A reclama\u00e7\u00e3o sobre \u00f4nibus lotado em Fortaleza nos chamados hor\u00e1rios de pico fez com que o Minist\u00e9rio P\u00fablico do Cear\u00e1 pedisse \u00e0 Justi\u00e7a para que a Prefeitura de Fortaleza e a&nbsp;Empresa de Transporte Urbano de Fortaleza (Etufor) voltem a disponibilizar 100% da frota de \u00f4nibus aos usu\u00e1rios do transporte p\u00fablico das 4h30min \u00e0s 8 horas e das 15 \u00e0s 18 horas, enquanto durar a pandemia da Covid-19.<\/p>\n\n\n\n<p>A A\u00e7\u00e3o Civil P\u00fablica foi ajuizada&nbsp;nesta segunda-feira, dia 21 de setembro, pelo MPCE, que sugeriu a aplica\u00e7\u00e3o da medida em at\u00e9 72 horas, com multa di\u00e1ria de R$ 10 mil em caso de descumprimento. A Etufor informou que vem acompanhando a oferta de \u00f4nibus e a mesma est\u00e1 obedecendo \u00e0 demanda gerada.<\/p>\n\n\n\n<figure class=\"wp-block-image size-large\"><img loading=\"lazy\" decoding=\"async\" width=\"739\" height=\"415\" src=\"https:\/\/blogdorogeriogomes.com.br\/wp-content\/uploads\/2020\/09\/images-1-3.jpeg\" alt=\"\" class=\"wp-image-18362\" srcset=\"https:\/\/blogdorogeriogomes.com.br\/noticias\/wp-content\/uploads\/2020\/09\/images-1-3.jpeg 739w, https:\/\/blogdorogeriogomes.com.br\/noticias\/wp-content\/uploads\/2020\/09\/images-1-3-300x168.jpeg 300w\" sizes=\"auto, (max-width: 739px) 100vw, 739px\" \/><\/figure>\n","protected":false},"excerpt":{"rendered":"<p>A reclama\u00e7\u00e3o sobre \u00f4nibus lotado em Fortaleza nos chamados hor\u00e1rios de pico fez com que o Minist\u00e9rio P\u00fablico do Cear\u00e1 pedisse \u00e0 Justi\u00e7a para que a Prefeitura de Fortaleza e a&nbsp;Empresa de Transporte Urbano de Fortaleza (Etufor) voltem a disponibilizar 100% da frota de \u00f4nibus aos usu\u00e1rios do transporte p\u00fablico das 4h30min \u00e0s 8 horas e das 15 \u00e0s 18 horas, enquanto durar a pandemia da Covid-19. A A\u00e7\u00e3o Civil P\u00fablica foi ajuizada&nbsp;nesta segunda-feira, dia 21 de setembro, pelo&hellip;<\/p>\n","protected":false},"author":1,"featured_media":18362,"comment_status":"open","ping_status":"open","sticky":false,"template":"","format":"standard","meta":{"footnotes":""},"categories":[1],"tags":[],"class_list":["post-18361","post","type-post","status-publish","format-standard","has-post-thumbnail","hentry","category-noticias"],"_links":{"self":[{"href":"https:\/\/blogdorogeriogomes.com.br\/noticias\/wp-json\/wp\/v2\/posts\/18361","targetHints":{"allow":["GET"]}}],"collection":[{"href":"https:\/\/blogdorogeriogomes.com.br\/noticias\/wp-json\/wp\/v2\/posts"}],"about":[{"href":"https:\/\/blogdorogeriogomes.com.br\/noticias\/wp-json\/wp\/v2\/types\/post"}],"author":[{"embeddable":true,"href":"https:\/\/blogdorogeriogomes.com.br\/noticias\/wp-json\/wp\/v2\/users\/1"}],"replies":[{"embeddable":true,"href":"https:\/\/blogdorogeriogomes.com.br\/noticias\/wp-json\/wp\/v2\/comments?post=18361"}],"version-history":[{"count":2,"href":"https:\/\/blogdorogeriogomes.com.br\/noticias\/wp-json\/wp\/v2\/posts\/18361\/revisions"}],"predecessor-version":[{"id":18368,"href":"https:\/\/blogdorogeriogomes.com.br\/noticias\/wp-json\/wp\/v2\/posts\/18361\/revisions\/18368"}],"wp:featuredmedia":[{"embeddable":true,"href":"https:\/\/blogdorogeriogomes.com.br\/noticias\/wp-json\/wp\/v2\/media\/18362"}],"wp:attachment":[{"href":"https:\/\/blogdorogeriogomes.com.br\/noticias\/wp-json\/wp\/v2\/media?parent=18361"}],"wp:term":[{"taxonomy":"category","embeddable":true,"href":"https:\/\/blogdorogeriogomes.com.br\/noticias\/wp-json\/wp\/v2\/categories?post=18361"},{"taxonomy":"post_tag","embeddable":true,"href":"https:\/\/blogdorogeriogomes.com.br\/noticias\/wp-json\/wp\/v2\/tags?post=18361"}],"curies":[{"name":"wp","href":"https:\/\/api.w.org\/{rel}","templated":true}]}}