{"id":18364,"date":"2020-09-22T09:31:45","date_gmt":"2020-09-22T09:31:45","guid":{"rendered":"https:\/\/blogdorogeriogomes.com.br\/?p=18364"},"modified":"2020-09-22T12:07:30","modified_gmt":"2020-09-22T12:07:30","slug":"tst-autoriza-reajuste-e-determina-fim-da-greve-nos-correios","status":"publish","type":"post","link":"https:\/\/blogdorogeriogomes.com.br\/noticias\/2020\/09\/tst-autoriza-reajuste-e-determina-fim-da-greve-nos-correios\/","title":{"rendered":"TST autoriza reajuste e determina fim da greve nos Correios"},"content":{"rendered":"\n<p>O Tribunal Superior do Trabalho (TST) determinou nesta segunda-feira, dia 21 de setembro, o fim da greve dos Correios e aprovou um reajuste salarial de 2,6% para a categoria. Os trabalhadores devem retornar ao servi\u00e7o nesta ter\u00e7a-feira, dia 22, em todo o Pa\u00eds.<\/p>\n\n\n\n<p>Apesar de decretar o fim da greve, o TST entendeu que a paralisa\u00e7\u00e3o n\u00e3o foi abusiva&nbsp;e que, com isso, metade dos dias de greve devem ser descontados do sal\u00e1rio dos empregados. Caso o entendimento fosse contr\u00e1rio, os empregados teriam desconto integral das horas n\u00e3o trabalhadas.<\/p>\n\n\n\n<figure class=\"wp-block-image size-large\"><img loading=\"lazy\" decoding=\"async\" width=\"984\" height=\"738\" src=\"https:\/\/blogdorogeriogomes.com.br\/wp-content\/uploads\/2020\/09\/greve-dos-correios-ce.jpeg\" alt=\"\" class=\"wp-image-18365\" srcset=\"https:\/\/blogdorogeriogomes.com.br\/noticias\/wp-content\/uploads\/2020\/09\/greve-dos-correios-ce.jpeg 984w, https:\/\/blogdorogeriogomes.com.br\/noticias\/wp-content\/uploads\/2020\/09\/greve-dos-correios-ce-300x225.jpeg 300w, https:\/\/blogdorogeriogomes.com.br\/noticias\/wp-content\/uploads\/2020\/09\/greve-dos-correios-ce-768x576.jpeg 768w, https:\/\/blogdorogeriogomes.com.br\/noticias\/wp-content\/uploads\/2020\/09\/greve-dos-correios-ce-800x600.jpeg 800w, https:\/\/blogdorogeriogomes.com.br\/noticias\/wp-content\/uploads\/2020\/09\/greve-dos-correios-ce-400x300.jpeg 400w\" sizes=\"auto, (max-width: 984px) 100vw, 984px\" \/><\/figure>\n","protected":false},"excerpt":{"rendered":"<p>O Tribunal Superior do Trabalho (TST) determinou nesta segunda-feira, dia 21 de setembro, o fim da greve dos Correios e aprovou um reajuste salarial de 2,6% para a categoria. Os trabalhadores devem retornar ao servi\u00e7o nesta ter\u00e7a-feira, dia 22, em todo o Pa\u00eds. Apesar de decretar o fim da greve, o TST entendeu que a paralisa\u00e7\u00e3o n\u00e3o foi abusiva&nbsp;e que, com isso, metade dos dias de greve devem ser descontados do sal\u00e1rio dos empregados. Caso o entendimento fosse contr\u00e1rio,&hellip;<\/p>\n","protected":false},"author":1,"featured_media":18365,"comment_status":"open","ping_status":"open","sticky":false,"template":"","format":"standard","meta":{"footnotes":""},"categories":[1],"tags":[],"class_list":["post-18364","post","type-post","status-publish","format-standard","has-post-thumbnail","hentry","category-noticias"],"_links":{"self":[{"href":"https:\/\/blogdorogeriogomes.com.br\/noticias\/wp-json\/wp\/v2\/posts\/18364","targetHints":{"allow":["GET"]}}],"collection":[{"href":"https:\/\/blogdorogeriogomes.com.br\/noticias\/wp-json\/wp\/v2\/posts"}],"about":[{"href":"https:\/\/blogdorogeriogomes.com.br\/noticias\/wp-json\/wp\/v2\/types\/post"}],"author":[{"embeddable":true,"href":"https:\/\/blogdorogeriogomes.com.br\/noticias\/wp-json\/wp\/v2\/users\/1"}],"replies":[{"embeddable":true,"href":"https:\/\/blogdorogeriogomes.com.br\/noticias\/wp-json\/wp\/v2\/comments?post=18364"}],"version-history":[{"count":2,"href":"https:\/\/blogdorogeriogomes.com.br\/noticias\/wp-json\/wp\/v2\/posts\/18364\/revisions"}],"predecessor-version":[{"id":18367,"href":"https:\/\/blogdorogeriogomes.com.br\/noticias\/wp-json\/wp\/v2\/posts\/18364\/revisions\/18367"}],"wp:featuredmedia":[{"embeddable":true,"href":"https:\/\/blogdorogeriogomes.com.br\/noticias\/wp-json\/wp\/v2\/media\/18365"}],"wp:attachment":[{"href":"https:\/\/blogdorogeriogomes.com.br\/noticias\/wp-json\/wp\/v2\/media?parent=18364"}],"wp:term":[{"taxonomy":"category","embeddable":true,"href":"https:\/\/blogdorogeriogomes.com.br\/noticias\/wp-json\/wp\/v2\/categories?post=18364"},{"taxonomy":"post_tag","embeddable":true,"href":"https:\/\/blogdorogeriogomes.com.br\/noticias\/wp-json\/wp\/v2\/tags?post=18364"}],"curies":[{"name":"wp","href":"https:\/\/api.w.org\/{rel}","templated":true}]}}