{"id":18374,"date":"2020-09-22T20:14:53","date_gmt":"2020-09-22T20:14:53","guid":{"rendered":"https:\/\/blogdorogeriogomes.com.br\/?p=18374"},"modified":"2020-09-23T12:10:42","modified_gmt":"2020-09-23T12:10:42","slug":"entidades-ambientais-classificam-discurso-de-bolsonaro-na-onu-como-delirante-e-que-isola-ainda-mais-o-brasil-do-mundo","status":"publish","type":"post","link":"https:\/\/blogdorogeriogomes.com.br\/noticias\/2020\/09\/entidades-ambientais-classificam-discurso-de-bolsonaro-na-onu-como-delirante-e-que-isola-ainda-mais-o-brasil-do-mundo\/","title":{"rendered":"Entidades ambientais classificam discurso de Bolsonaro na ONU como &#8220;delirante&#8221; e que &#8220;isola ainda mais o Brasil do mundo&#8221;"},"content":{"rendered":"\n<p>Em discurso gravado para a Assembleia Geral das Na\u00e7\u00f5es Unidas (ONU), transmitido nesta ter\u00e7a-feira, dia 22 de setembro, o presidente Jair Bolsonaro voltou a culpar \u00edndios pelas queimadas no Pa\u00eds, envolvendo a devasta\u00e7\u00e3o na Amaz\u00f4nia e no Pantanal, e citou uma &#8220;campanha brutal&#8221; contra a pol\u00edtica ambiental do seu governo. &nbsp;<\/p>\n\n\n\n<p>A gest\u00e3o ambiental do governo brasileiro \u00e9 um dos principais motivos de cr\u00edticas que o Brasil recebe da comunidade internacional. Desde o ano passado, entidades, pa\u00edses e personalidades contestam as pol\u00edticas do Pa\u00eds para o meio ambiente.<\/p>\n\n\n\n<p>&#8220;\u00cdndios queimam em busca de sobreviv\u00eancia. Focos criminosos s\u00e3o combatidos com rigor e determina\u00e7\u00e3o. Mantenho toler\u00e2ncia zero com crime ambiental&#8221;, disse Bolsonaro. O presidente ainda afirmou que, em 2019, o Brasil &#8220;foi v\u00edtima de um criminoso derramamento de \u00f3leo venezuelano, acarretando s\u00e9rios preju\u00edzos na atividade de pesca e turismo&#8221;.<\/p>\n\n\n\n<p>As narrativas de Bolsonaro ganharam apoio nas redes sociais apenas dos seus fi\u00e9is apoiadores. Mas receberam cr\u00edticas severas de internautas que apontam nos registros dos pr\u00f3prios institutos ambientais do Pa\u00eds e do Exterior (ignorados por Bolsonaro), que mostram o impacto das queimadas e devasta\u00e7\u00e3o no territ\u00f3rio brasileiro. Uma realidade j\u00e1 percebida a olho nu para quem mora nas regi\u00f5es afetadas pelos inc\u00eandios.<\/p>\n\n\n\n<p>O Observat\u00f3rio do Clima caracterizou o discurso como &#8220;delirante&#8221;, que &#8220;exp\u00f5e o pa\u00eds de forma constrangedora&#8221; e confirma as preocupa\u00e7\u00f5es de investidores internacionais. &#8220;Ao negar a realidade e n\u00e3o apresentar nenhum plano para os problemas que enfrentamos, \u00e9 Bolsonaro quem amea\u00e7a nossa economia. O Brasil pagar\u00e1 durante muito tempo a conta dessa irresponsabilidade&#8221;, disse Marcio Astrini, secret\u00e1rio-executivo do Observat\u00f3rio do Clima.<\/p>\n\n\n\n<p>O Greenpace diz que o discurso negacionista de Bolsonaro &#8220;envergonha o povo brasileiro e isola o Brasil do mundo&#8221;. A entidade cita dados do Global Florest Watch, que mostram que o Brasil foi o pa\u00eds que mais destruiu suas florestas em 2019 e que a situa\u00e7\u00e3o se agravou neste ano.<\/p>\n\n\n\n<p>A diretora executiva da Oxfam Brasil, Katia Maia, afirma que o Governo Bolsonaro se especializou em &#8220;disseminar a &#8216;p\u00f3s-verdade&#8217; para eximir-se da responsabilidade pelos graves problemas que o pa\u00eds enfrenta&#8221;.<\/p>\n\n\n\n<figure class=\"wp-block-image size-large\"><img loading=\"lazy\" decoding=\"async\" width=\"1008\" height=\"668\" src=\"https:\/\/blogdorogeriogomes.com.br\/wp-content\/uploads\/2020\/09\/2020-09-17t144459z-1978254304-rc2e0j9ppsqs-rtrmadp-3-climate-change-brazil-pantanal.jpg\" alt=\"\" class=\"wp-image-18375\" srcset=\"https:\/\/blogdorogeriogomes.com.br\/noticias\/wp-content\/uploads\/2020\/09\/2020-09-17t144459z-1978254304-rc2e0j9ppsqs-rtrmadp-3-climate-change-brazil-pantanal.jpg 1008w, https:\/\/blogdorogeriogomes.com.br\/noticias\/wp-content\/uploads\/2020\/09\/2020-09-17t144459z-1978254304-rc2e0j9ppsqs-rtrmadp-3-climate-change-brazil-pantanal-300x199.jpg 300w, https:\/\/blogdorogeriogomes.com.br\/noticias\/wp-content\/uploads\/2020\/09\/2020-09-17t144459z-1978254304-rc2e0j9ppsqs-rtrmadp-3-climate-change-brazil-pantanal-768x509.jpg 768w, https:\/\/blogdorogeriogomes.com.br\/noticias\/wp-content\/uploads\/2020\/09\/2020-09-17t144459z-1978254304-rc2e0j9ppsqs-rtrmadp-3-climate-change-brazil-pantanal-800x530.jpg 800w\" sizes=\"auto, (max-width: 1008px) 100vw, 1008px\" \/><\/figure>\n","protected":false},"excerpt":{"rendered":"<p>Em discurso gravado para a Assembleia Geral das Na\u00e7\u00f5es Unidas (ONU), transmitido nesta ter\u00e7a-feira, dia 22 de setembro, o presidente Jair Bolsonaro voltou a culpar \u00edndios pelas queimadas no Pa\u00eds, envolvendo a devasta\u00e7\u00e3o na Amaz\u00f4nia e no Pantanal, e citou uma &#8220;campanha brutal&#8221; contra a pol\u00edtica ambiental do seu governo. &nbsp; A gest\u00e3o ambiental do governo brasileiro \u00e9 um dos principais motivos de cr\u00edticas que o Brasil recebe da comunidade internacional. Desde o ano passado, entidades, pa\u00edses e personalidades&hellip;<\/p>\n","protected":false},"author":1,"featured_media":18375,"comment_status":"open","ping_status":"open","sticky":false,"template":"","format":"standard","meta":{"footnotes":""},"categories":[1],"tags":[],"class_list":["post-18374","post","type-post","status-publish","format-standard","has-post-thumbnail","hentry","category-noticias"],"_links":{"self":[{"href":"https:\/\/blogdorogeriogomes.com.br\/noticias\/wp-json\/wp\/v2\/posts\/18374","targetHints":{"allow":["GET"]}}],"collection":[{"href":"https:\/\/blogdorogeriogomes.com.br\/noticias\/wp-json\/wp\/v2\/posts"}],"about":[{"href":"https:\/\/blogdorogeriogomes.com.br\/noticias\/wp-json\/wp\/v2\/types\/post"}],"author":[{"embeddable":true,"href":"https:\/\/blogdorogeriogomes.com.br\/noticias\/wp-json\/wp\/v2\/users\/1"}],"replies":[{"embeddable":true,"href":"https:\/\/blogdorogeriogomes.com.br\/noticias\/wp-json\/wp\/v2\/comments?post=18374"}],"version-history":[{"count":1,"href":"https:\/\/blogdorogeriogomes.com.br\/noticias\/wp-json\/wp\/v2\/posts\/18374\/revisions"}],"predecessor-version":[{"id":18376,"href":"https:\/\/blogdorogeriogomes.com.br\/noticias\/wp-json\/wp\/v2\/posts\/18374\/revisions\/18376"}],"wp:featuredmedia":[{"embeddable":true,"href":"https:\/\/blogdorogeriogomes.com.br\/noticias\/wp-json\/wp\/v2\/media\/18375"}],"wp:attachment":[{"href":"https:\/\/blogdorogeriogomes.com.br\/noticias\/wp-json\/wp\/v2\/media?parent=18374"}],"wp:term":[{"taxonomy":"category","embeddable":true,"href":"https:\/\/blogdorogeriogomes.com.br\/noticias\/wp-json\/wp\/v2\/categories?post=18374"},{"taxonomy":"post_tag","embeddable":true,"href":"https:\/\/blogdorogeriogomes.com.br\/noticias\/wp-json\/wp\/v2\/tags?post=18374"}],"curies":[{"name":"wp","href":"https:\/\/api.w.org\/{rel}","templated":true}]}}