{"id":18380,"date":"2020-09-23T09:46:19","date_gmt":"2020-09-23T09:46:19","guid":{"rendered":"https:\/\/blogdorogeriogomes.com.br\/?p=18380"},"modified":"2020-09-23T12:08:42","modified_gmt":"2020-09-23T12:08:42","slug":"candidatos-a-prefeitura-de-fortaleza-apostam-em-reunioes-com-apoiadores-antes-do-inicio-da-campanha-no-proximo-domingo","status":"publish","type":"post","link":"https:\/\/blogdorogeriogomes.com.br\/noticias\/2020\/09\/candidatos-a-prefeitura-de-fortaleza-apostam-em-reunioes-com-apoiadores-antes-do-inicio-da-campanha-no-proximo-domingo\/","title":{"rendered":"Candidatos \u00e0 Prefeitura de Fortaleza apostam em reuni\u00f5es com apoiadores antes do in\u00edcio da campanha no pr\u00f3ximo domingo"},"content":{"rendered":"\n<p>A campanha eleitoral em Fortaleza come\u00e7a oficialmente no pr\u00f3ximo domingo, dia 27 de setembro. Enquanto isso, os candidatos \u00e0 Prefeitura de Fortaleza apostam em encontros com apoiadores e com candidatos que v\u00e3o concorrer a uma das 43 vagas na C\u00e2mara Municipal de Fortaleza. \u00c9 hora de tra\u00e7ar estrat\u00e9gias para a campanha nos bairros, que tamb\u00e9m vai contar com participa\u00e7\u00e3o importante das lideran\u00e7as pol\u00edticas e comunit\u00e1rias.<\/p>\n\n\n\n<p>O candidato do PDT \u00e0 Prefeitura de Fortaleza, Jos\u00e9 Sarto, se reuniu com candidatos a vereador do PDT e do PSB. As duas reuni\u00f5es foram realizadas com a presen\u00e7a do prefeito de Fortaleza, Roberto Cl\u00e1udio, que tamb\u00e9m \u00e9 presidente municipal do PDT, e do candidato a vice-prefeito, \u00c9lcio Batista (PSB).<\/p>\n\n\n\n<p>A primeira reuni\u00e3o foi realizada no hotel Gran Mareiro, na Praia do Futuro, e contou com a presen\u00e7a dos 54 candidatos pedetistas \u00e0 C\u00e2mara Municipal. Em seguida, o encontro foi com os postulantes a vereador pelo PSB, no Hotel Sonata, na Praia de Iracema.<\/p>\n\n\n\n<p>Capit\u00e3o Wagner (Pros) tem feito visitas aos bairros e mantido encontros com lideran\u00e7as. Ele diz ter recebido o apoio do ex-governador Gonzaga Mota. Luizianne Lins aguarda o in\u00edcio da campanha para intensificar as visitas aos bairros da Capital.<\/p>\n\n\n\n<figure class=\"wp-block-image size-large\"><img loading=\"lazy\" decoding=\"async\" width=\"1024\" height=\"606\" src=\"https:\/\/blogdorogeriogomes.com.br\/wp-content\/uploads\/2020\/09\/IMG-20200922-WA0117-1024x606.jpg\" alt=\"\" class=\"wp-image-18381\" srcset=\"https:\/\/blogdorogeriogomes.com.br\/noticias\/wp-content\/uploads\/2020\/09\/IMG-20200922-WA0117-1024x606.jpg 1024w, https:\/\/blogdorogeriogomes.com.br\/noticias\/wp-content\/uploads\/2020\/09\/IMG-20200922-WA0117-300x178.jpg 300w, https:\/\/blogdorogeriogomes.com.br\/noticias\/wp-content\/uploads\/2020\/09\/IMG-20200922-WA0117-768x455.jpg 768w, https:\/\/blogdorogeriogomes.com.br\/noticias\/wp-content\/uploads\/2020\/09\/IMG-20200922-WA0117-800x474.jpg 800w, https:\/\/blogdorogeriogomes.com.br\/noticias\/wp-content\/uploads\/2020\/09\/IMG-20200922-WA0117.jpg 1280w\" sizes=\"auto, (max-width: 1024px) 100vw, 1024px\" \/><\/figure>\n","protected":false},"excerpt":{"rendered":"<p>A campanha eleitoral em Fortaleza come\u00e7a oficialmente no pr\u00f3ximo domingo, dia 27 de setembro. Enquanto isso, os candidatos \u00e0 Prefeitura de Fortaleza apostam em encontros com apoiadores e com candidatos que v\u00e3o concorrer a uma das 43 vagas na C\u00e2mara Municipal de Fortaleza. \u00c9 hora de tra\u00e7ar estrat\u00e9gias para a campanha nos bairros, que tamb\u00e9m vai contar com participa\u00e7\u00e3o importante das lideran\u00e7as pol\u00edticas e comunit\u00e1rias. O candidato do PDT \u00e0 Prefeitura de Fortaleza, Jos\u00e9 Sarto, se reuniu com candidatos&hellip;<\/p>\n","protected":false},"author":1,"featured_media":18381,"comment_status":"open","ping_status":"open","sticky":false,"template":"","format":"standard","meta":{"footnotes":""},"categories":[1],"tags":[],"class_list":["post-18380","post","type-post","status-publish","format-standard","has-post-thumbnail","hentry","category-noticias"],"_links":{"self":[{"href":"https:\/\/blogdorogeriogomes.com.br\/noticias\/wp-json\/wp\/v2\/posts\/18380","targetHints":{"allow":["GET"]}}],"collection":[{"href":"https:\/\/blogdorogeriogomes.com.br\/noticias\/wp-json\/wp\/v2\/posts"}],"about":[{"href":"https:\/\/blogdorogeriogomes.com.br\/noticias\/wp-json\/wp\/v2\/types\/post"}],"author":[{"embeddable":true,"href":"https:\/\/blogdorogeriogomes.com.br\/noticias\/wp-json\/wp\/v2\/users\/1"}],"replies":[{"embeddable":true,"href":"https:\/\/blogdorogeriogomes.com.br\/noticias\/wp-json\/wp\/v2\/comments?post=18380"}],"version-history":[{"count":1,"href":"https:\/\/blogdorogeriogomes.com.br\/noticias\/wp-json\/wp\/v2\/posts\/18380\/revisions"}],"predecessor-version":[{"id":18382,"href":"https:\/\/blogdorogeriogomes.com.br\/noticias\/wp-json\/wp\/v2\/posts\/18380\/revisions\/18382"}],"wp:featuredmedia":[{"embeddable":true,"href":"https:\/\/blogdorogeriogomes.com.br\/noticias\/wp-json\/wp\/v2\/media\/18381"}],"wp:attachment":[{"href":"https:\/\/blogdorogeriogomes.com.br\/noticias\/wp-json\/wp\/v2\/media?parent=18380"}],"wp:term":[{"taxonomy":"category","embeddable":true,"href":"https:\/\/blogdorogeriogomes.com.br\/noticias\/wp-json\/wp\/v2\/categories?post=18380"},{"taxonomy":"post_tag","embeddable":true,"href":"https:\/\/blogdorogeriogomes.com.br\/noticias\/wp-json\/wp\/v2\/tags?post=18380"}],"curies":[{"name":"wp","href":"https:\/\/api.w.org\/{rel}","templated":true}]}}