{"id":18384,"date":"2020-09-23T14:56:08","date_gmt":"2020-09-23T14:56:08","guid":{"rendered":"https:\/\/blogdorogeriogomes.com.br\/?p=18384"},"modified":"2020-09-24T11:00:56","modified_gmt":"2020-09-24T11:00:56","slug":"roberto-claudio-reune-secretariado-municipal-e-define-prazos-para-entrega-de-obras-ate-dezembro","status":"publish","type":"post","link":"https:\/\/blogdorogeriogomes.com.br\/noticias\/2020\/09\/roberto-claudio-reune-secretariado-municipal-e-define-prazos-para-entrega-de-obras-ate-dezembro\/","title":{"rendered":"Roberto Cl\u00e1udio re\u00fane secretariado municipal e define prazos para entrega de obras at\u00e9 dezembro"},"content":{"rendered":"\n<p>O prefeito de Fortaleza, Roberto Cl\u00e1udio reuniu o secretariado municipal e definiu prazos para entrega de obras na Capital at\u00e9 dezembro. \u201cA maior parte das obras j\u00e1 foram entregues e uma outra, que ainda est\u00e1 em andamento, n\u00f3s iniciamos e estamos dinheiro em caixa para sua conclus\u00e3o. Um peda\u00e7o ser\u00e1 entregue esse ano e a outra ao longo do pr\u00f3ximo ano, com a devida responsabilidade de deixar o dinheiro garantido\u201d, declarou o prefeito.<\/p>\n\n\n\n<p>Dentro do cronograma de obras na \u00e1rea da Educa\u00e7\u00e3o, est\u00e3o previstas 21 novas Escolas de Tempo Integral at\u00e9 2021. Destas, 17 j\u00e1 em obras. Ao todo, 34 Centros de Ensino Infantil foram listados, al\u00e9m de seis reformas em escolas municipais e 18 requalifica\u00e7\u00f5es nesse tipo de equipamento. Do projeto Escola Areninha, que come\u00e7ou a ser entregue, ser\u00e3o mais 38 unidades, ampliando o n\u00famero de alunos atendidos em tempo integral na rede municipal.<\/p>\n\n\n\n<p>Na sa\u00fade se destaca a entrega total do IJF2, conclus\u00e3o das obras dos Frotinhas de Parangaba e Frotinha de Messejana, al\u00e9m dos Gonzaguinhas de Messejana e da Barra.<\/p>\n\n\n\n<p>Na \u00e1rea de Esporte, Lazer e Juventude, est\u00e3o previstos, ao todo, 35 novas Areninhas, dois novos Cucas &#8211; Jos\u00e9 Walter e do Pici, 33 requalifica\u00e7\u00f5es de pra\u00e7as, estando 27 em andamento, al\u00e9m da entrega das reformas da Pra\u00e7a Jos\u00e9 de Alencar, Passeio P\u00fablico e Polo Gustavo Braga.<\/p>\n\n\n\n<p>No pacote de infraestrutura urbana, est\u00e3o elencadas 617 a\u00e7\u00f5es de pavimenta\u00e7\u00e3o asf\u00e1ltica. Dessas, 335 j\u00e1 est\u00e3o em andamento, al\u00e9m da entrega do viaduto do Makro, da finaliza\u00e7\u00e3o das interven\u00e7\u00f5es nas Avenidas Jos\u00e9 Bastos, Fernandes T\u00e1vora, Vicente Castro e Parsifal Barroso. Obras como as da Avenida Beira-Mar, trechos do Parque Raquel de Queiroz e diversas a\u00e7\u00f5es do Meu Bairro Empreendedor tamb\u00e9m foram elencadas.<\/p>\n\n\n\n<figure class=\"wp-block-image size-large\"><img loading=\"lazy\" decoding=\"async\" width=\"1024\" height=\"682\" src=\"https:\/\/blogdorogeriogomes.com.br\/wp-content\/uploads\/2020\/09\/IMG-20200923-WA0047-1024x682.jpg\" alt=\"\" class=\"wp-image-18385\" srcset=\"https:\/\/blogdorogeriogomes.com.br\/noticias\/wp-content\/uploads\/2020\/09\/IMG-20200923-WA0047-1024x682.jpg 1024w, https:\/\/blogdorogeriogomes.com.br\/noticias\/wp-content\/uploads\/2020\/09\/IMG-20200923-WA0047-300x200.jpg 300w, https:\/\/blogdorogeriogomes.com.br\/noticias\/wp-content\/uploads\/2020\/09\/IMG-20200923-WA0047-768x512.jpg 768w, https:\/\/blogdorogeriogomes.com.br\/noticias\/wp-content\/uploads\/2020\/09\/IMG-20200923-WA0047-800x533.jpg 800w, https:\/\/blogdorogeriogomes.com.br\/noticias\/wp-content\/uploads\/2020\/09\/IMG-20200923-WA0047.jpg 1280w\" sizes=\"auto, (max-width: 1024px) 100vw, 1024px\" \/><\/figure>\n","protected":false},"excerpt":{"rendered":"<p>O prefeito de Fortaleza, Roberto Cl\u00e1udio reuniu o secretariado municipal e definiu prazos para entrega de obras na Capital at\u00e9 dezembro. \u201cA maior parte das obras j\u00e1 foram entregues e uma outra, que ainda est\u00e1 em andamento, n\u00f3s iniciamos e estamos dinheiro em caixa para sua conclus\u00e3o. Um peda\u00e7o ser\u00e1 entregue esse ano e a outra ao longo do pr\u00f3ximo ano, com a devida responsabilidade de deixar o dinheiro garantido\u201d, declarou o prefeito. Dentro do cronograma de obras na&hellip;<\/p>\n","protected":false},"author":1,"featured_media":18385,"comment_status":"open","ping_status":"open","sticky":false,"template":"","format":"standard","meta":{"footnotes":""},"categories":[1],"tags":[],"class_list":["post-18384","post","type-post","status-publish","format-standard","has-post-thumbnail","hentry","category-noticias"],"_links":{"self":[{"href":"https:\/\/blogdorogeriogomes.com.br\/noticias\/wp-json\/wp\/v2\/posts\/18384","targetHints":{"allow":["GET"]}}],"collection":[{"href":"https:\/\/blogdorogeriogomes.com.br\/noticias\/wp-json\/wp\/v2\/posts"}],"about":[{"href":"https:\/\/blogdorogeriogomes.com.br\/noticias\/wp-json\/wp\/v2\/types\/post"}],"author":[{"embeddable":true,"href":"https:\/\/blogdorogeriogomes.com.br\/noticias\/wp-json\/wp\/v2\/users\/1"}],"replies":[{"embeddable":true,"href":"https:\/\/blogdorogeriogomes.com.br\/noticias\/wp-json\/wp\/v2\/comments?post=18384"}],"version-history":[{"count":1,"href":"https:\/\/blogdorogeriogomes.com.br\/noticias\/wp-json\/wp\/v2\/posts\/18384\/revisions"}],"predecessor-version":[{"id":18386,"href":"https:\/\/blogdorogeriogomes.com.br\/noticias\/wp-json\/wp\/v2\/posts\/18384\/revisions\/18386"}],"wp:featuredmedia":[{"embeddable":true,"href":"https:\/\/blogdorogeriogomes.com.br\/noticias\/wp-json\/wp\/v2\/media\/18385"}],"wp:attachment":[{"href":"https:\/\/blogdorogeriogomes.com.br\/noticias\/wp-json\/wp\/v2\/media?parent=18384"}],"wp:term":[{"taxonomy":"category","embeddable":true,"href":"https:\/\/blogdorogeriogomes.com.br\/noticias\/wp-json\/wp\/v2\/categories?post=18384"},{"taxonomy":"post_tag","embeddable":true,"href":"https:\/\/blogdorogeriogomes.com.br\/noticias\/wp-json\/wp\/v2\/tags?post=18384"}],"curies":[{"name":"wp","href":"https:\/\/api.w.org\/{rel}","templated":true}]}}