{"id":18391,"date":"2020-09-24T09:11:22","date_gmt":"2020-09-24T09:11:22","guid":{"rendered":"https:\/\/blogdorogeriogomes.com.br\/?p=18391"},"modified":"2020-09-24T11:00:18","modified_gmt":"2020-09-24T11:00:18","slug":"associacao-de-prefeitos-no-ceara-avalia-que-125-de-184-municipios-no-ceara-so-devem-retornar-as-aulas-em-2021","status":"publish","type":"post","link":"https:\/\/blogdorogeriogomes.com.br\/noticias\/2020\/09\/associacao-de-prefeitos-no-ceara-avalia-que-125-de-184-municipios-no-ceara-so-devem-retornar-as-aulas-em-2021\/","title":{"rendered":"Associa\u00e7\u00e3o de Prefeitos no Cear\u00e1 avalia que 125 de 184 munic\u00edpios no Cear\u00e1 s\u00f3 devem retornar \u00e0s aulas em 2021"},"content":{"rendered":"\n<p>De acordo com o presidente da Associa\u00e7\u00e3o dos Prefeitos do Cear\u00e1, Nilson Diniz, pelo menos 125 dos 184 munic\u00edpios do Cear\u00e1 s\u00f3 dever\u00e3o retornar \u00e0s aulas presenciais nas escolas no pr\u00f3ximo ano por causa da pandemia da Covid-19. A ideia \u00e9 que mesmo com a autoriza\u00e7\u00e3o do Governo do Estado, as aulas continuem de forma remota at\u00e9 dezembro. <\/p>\n\n\n\n<p>Por enquanto, o governador Camilo Santana s\u00f3 autorizou a volta das aulas presenciais em 44 cidades da Macrorregi\u00e3o de Fortaleza, a partir de 1\u00b0 de outubro, com capacidade de 35%, da Educa\u00e7\u00e3o de Jovens e Adultos (EJA); do 1\u00ba, 2\u00ba e 9\u00ba ano do Ensino Fundamental; da 3\u00aa s\u00e9rie do Ensino M\u00e9dio e educa\u00e7\u00e3o profissional e Educa\u00e7\u00e3o Infantil, com 50% dos estudantes.<\/p>\n\n\n\n<p>Nos demais munic\u00edpios cearenses, foram liberadas apenas as turmas de educa\u00e7\u00e3o infantil da rede privada, limitadas a 30%. Exceto na Regi\u00e3o do Cariri.<\/p>\n\n\n\n<figure class=\"wp-block-image size-large\"><img loading=\"lazy\" decoding=\"async\" width=\"678\" height=\"452\" src=\"https:\/\/blogdorogeriogomes.com.br\/wp-content\/uploads\/2020\/09\/images-2-5.jpeg\" alt=\"\" class=\"wp-image-18392\" srcset=\"https:\/\/blogdorogeriogomes.com.br\/noticias\/wp-content\/uploads\/2020\/09\/images-2-5.jpeg 678w, https:\/\/blogdorogeriogomes.com.br\/noticias\/wp-content\/uploads\/2020\/09\/images-2-5-300x200.jpeg 300w\" sizes=\"auto, (max-width: 678px) 100vw, 678px\" \/><\/figure>\n","protected":false},"excerpt":{"rendered":"<p>De acordo com o presidente da Associa\u00e7\u00e3o dos Prefeitos do Cear\u00e1, Nilson Diniz, pelo menos 125 dos 184 munic\u00edpios do Cear\u00e1 s\u00f3 dever\u00e3o retornar \u00e0s aulas presenciais nas escolas no pr\u00f3ximo ano por causa da pandemia da Covid-19. A ideia \u00e9 que mesmo com a autoriza\u00e7\u00e3o do Governo do Estado, as aulas continuem de forma remota at\u00e9 dezembro. Por enquanto, o governador Camilo Santana s\u00f3 autorizou a volta das aulas presenciais em 44 cidades da Macrorregi\u00e3o de Fortaleza, a&hellip;<\/p>\n","protected":false},"author":1,"featured_media":18392,"comment_status":"open","ping_status":"open","sticky":false,"template":"","format":"standard","meta":{"footnotes":""},"categories":[1],"tags":[],"class_list":["post-18391","post","type-post","status-publish","format-standard","has-post-thumbnail","hentry","category-noticias"],"_links":{"self":[{"href":"https:\/\/blogdorogeriogomes.com.br\/noticias\/wp-json\/wp\/v2\/posts\/18391","targetHints":{"allow":["GET"]}}],"collection":[{"href":"https:\/\/blogdorogeriogomes.com.br\/noticias\/wp-json\/wp\/v2\/posts"}],"about":[{"href":"https:\/\/blogdorogeriogomes.com.br\/noticias\/wp-json\/wp\/v2\/types\/post"}],"author":[{"embeddable":true,"href":"https:\/\/blogdorogeriogomes.com.br\/noticias\/wp-json\/wp\/v2\/users\/1"}],"replies":[{"embeddable":true,"href":"https:\/\/blogdorogeriogomes.com.br\/noticias\/wp-json\/wp\/v2\/comments?post=18391"}],"version-history":[{"count":1,"href":"https:\/\/blogdorogeriogomes.com.br\/noticias\/wp-json\/wp\/v2\/posts\/18391\/revisions"}],"predecessor-version":[{"id":18393,"href":"https:\/\/blogdorogeriogomes.com.br\/noticias\/wp-json\/wp\/v2\/posts\/18391\/revisions\/18393"}],"wp:featuredmedia":[{"embeddable":true,"href":"https:\/\/blogdorogeriogomes.com.br\/noticias\/wp-json\/wp\/v2\/media\/18392"}],"wp:attachment":[{"href":"https:\/\/blogdorogeriogomes.com.br\/noticias\/wp-json\/wp\/v2\/media?parent=18391"}],"wp:term":[{"taxonomy":"category","embeddable":true,"href":"https:\/\/blogdorogeriogomes.com.br\/noticias\/wp-json\/wp\/v2\/categories?post=18391"},{"taxonomy":"post_tag","embeddable":true,"href":"https:\/\/blogdorogeriogomes.com.br\/noticias\/wp-json\/wp\/v2\/tags?post=18391"}],"curies":[{"name":"wp","href":"https:\/\/api.w.org\/{rel}","templated":true}]}}