{"id":18400,"date":"2020-09-24T16:27:39","date_gmt":"2020-09-24T16:27:39","guid":{"rendered":"https:\/\/blogdorogeriogomes.com.br\/?p=18400"},"modified":"2020-09-28T12:08:55","modified_gmt":"2020-09-28T12:08:55","slug":"lar-amigos-de-jesus-inaugura-unidade-de-acolhimento-para-os-acompanhantes-de-criancas-em-tratamento-do-cancer","status":"publish","type":"post","link":"https:\/\/blogdorogeriogomes.com.br\/noticias\/2020\/09\/lar-amigos-de-jesus-inaugura-unidade-de-acolhimento-para-os-acompanhantes-de-criancas-em-tratamento-do-cancer\/","title":{"rendered":"Lar Amigos de Jesus inaugura unidade de acolhimento para os acompanhantes de crian\u00e7as em tratamento do c\u00e2ncer"},"content":{"rendered":"\n<p>O Lar Amigos de Jesus inaugurou, nesta quinta-feira, dia 24 de setembro, uma unidade de acolhimento para acompanhantes de crian\u00e7as com c\u00e2ncer em tratamento em leitos de UTI. A casa servir\u00e1  acolher a demanda a familiares do interior do Cear\u00e1 e de outros Estados que est\u00e3o com as crian\u00e7as\/adolescentes em tratamento nas UTIs do Hospital Infantil Albert Sabin &#8211; HIAS e Centro Pedi\u00e1trico do C\u00e2ncer &#8211; CPC. Ser\u00e3o ofertadas 24 vagas (20 femininos e 04 masculinos), em seis su\u00edtes humanizadas com nomes de flores. <\/p>\n\n\n\n<p>De acordo com a Irm\u00e3 Concei\u00e7\u00e3o, Presidente do Lar Amigos de Jesus, o surgimento deste acolhimento \u00e9 mais um ideal de origem providencial, n\u00e3o \u00e9 coincid\u00eancia, \u00e9 provid\u00eancia. A necessidade sinalizou uma atitude concreta: a exist\u00eancia desta demanda. \u201cOs acompanhantes ficam nos corredores do HIAS e CPC, dia e noite, pois as crian\u00e7as est\u00e3o na UTI. E agora eles poder\u00e3o ter melhores condi\u00e7\u00f5es de acompanhar o tratamento do seu filho em uma casa pertinho dos Hospitais HIAS e CPC, onde encontrar\u00e3o amor, dignidade, carinho e poder\u00e3o descansar e se fortalecer na ora\u00e7\u00e3o. Eles estando mais pr\u00f3ximos do hospital, melhor ser\u00e1 para acompanhar seus filhos, al\u00e9m de n\u00e3o, precisar de transporte\u201d, explica.<\/p>\n\n\n\n<p>Al\u00e9m do espa\u00e7o f\u00edsico, contar\u00e3o com a prontid\u00e3o de volunt\u00e1rios e religiosas do Lar Amigos de Jesus no cumprimento de seu ideal mission\u00e1rio de servir os irm\u00e3os com todo o amor que vem de Deus. Contar\u00e3o tamb\u00e9m com o Servi\u00e7o Social do Hospital e do Lar Amigos de Jesus que v\u00e3o disponibilizar seus diversos servi\u00e7os, oferecendo o suporte necess\u00e1rio para esta demanda. Al\u00e9m do apoio da Associa\u00e7\u00e3o Peter Pan e a parceria do HIAS.<\/p>\n\n\n\n<p>A casa foi adquirida com recursos de doa\u00e7\u00f5es de bazares, de produtos usados e campanhas. Para suprir as despesas com Servi\u00e7o Social, seguran\u00e7a, despesas \u00e1gua, energia, telefone, manuten\u00e7\u00e3o do pr\u00e9dio e alimenta\u00e7\u00e3o, \u00e9 preciso contar com a solidariedade de todos.<\/p>\n\n\n\n<p>PRECISANDO DE DOA\u00c7\u00d5ES:<br>Camas \/Len\u00e7\u00f3is \/ Fronhas \/ Travesseiros \/ Materiais de Higiene \/ Alimenta\u00e7\u00e3o: P\u00e3es, biscoito, caf\u00e9, leite, ovos, frutas. \/ Limpeza: Sab\u00e3o em p\u00f3 e em barra, desinfetante, detergente, \u00e1gua sanit\u00e1ria.<\/p>\n\n\n\n<p>CONTA PARA AJUDA FINANCEIRA:<br>ASSOCIA\u00c7\u00c3O DOS MISSION\u00c1RIOS DA SOLIDARIEDADE \u2013 LAR AMIGOS DE JESUS<br>Banco do Brasil: Ag. 2917-3 \u2013 C\/C 24.668-9<br>Caixa Econ\u00f4mica: Ag. 1559 \u2013 Op. 003 \u2013 C\/C 5495-7<br>Bradesco: Ag. 3456-8 C\/C 060.596-4<\/p>\n\n\n\n<figure class=\"wp-block-image size-large\"><img loading=\"lazy\" decoding=\"async\" width=\"720\" height=\"720\" src=\"https:\/\/blogdorogeriogomes.com.br\/wp-content\/uploads\/2020\/09\/IMG-20200924-WA0072.jpg\" alt=\"\" class=\"wp-image-18401\" srcset=\"https:\/\/blogdorogeriogomes.com.br\/noticias\/wp-content\/uploads\/2020\/09\/IMG-20200924-WA0072.jpg 720w, https:\/\/blogdorogeriogomes.com.br\/noticias\/wp-content\/uploads\/2020\/09\/IMG-20200924-WA0072-300x300.jpg 300w, https:\/\/blogdorogeriogomes.com.br\/noticias\/wp-content\/uploads\/2020\/09\/IMG-20200924-WA0072-150x150.jpg 150w, https:\/\/blogdorogeriogomes.com.br\/noticias\/wp-content\/uploads\/2020\/09\/IMG-20200924-WA0072-250x250.jpg 250w\" sizes=\"auto, (max-width: 720px) 100vw, 720px\" \/><\/figure>\n\n\n\n<p><\/p>\n","protected":false},"excerpt":{"rendered":"<p>O Lar Amigos de Jesus inaugurou, nesta quinta-feira, dia 24 de setembro, uma unidade de acolhimento para acompanhantes de crian\u00e7as com c\u00e2ncer em tratamento em leitos de UTI. A casa servir\u00e1 acolher a demanda a familiares do interior do Cear\u00e1 e de outros Estados que est\u00e3o com as crian\u00e7as\/adolescentes em tratamento nas UTIs do Hospital Infantil Albert Sabin &#8211; HIAS e Centro Pedi\u00e1trico do C\u00e2ncer &#8211; CPC. Ser\u00e3o ofertadas 24 vagas (20 femininos e 04 masculinos), em seis su\u00edtes&hellip;<\/p>\n","protected":false},"author":1,"featured_media":18401,"comment_status":"open","ping_status":"open","sticky":false,"template":"","format":"standard","meta":{"footnotes":""},"categories":[1],"tags":[],"class_list":["post-18400","post","type-post","status-publish","format-standard","has-post-thumbnail","hentry","category-noticias"],"_links":{"self":[{"href":"https:\/\/blogdorogeriogomes.com.br\/noticias\/wp-json\/wp\/v2\/posts\/18400","targetHints":{"allow":["GET"]}}],"collection":[{"href":"https:\/\/blogdorogeriogomes.com.br\/noticias\/wp-json\/wp\/v2\/posts"}],"about":[{"href":"https:\/\/blogdorogeriogomes.com.br\/noticias\/wp-json\/wp\/v2\/types\/post"}],"author":[{"embeddable":true,"href":"https:\/\/blogdorogeriogomes.com.br\/noticias\/wp-json\/wp\/v2\/users\/1"}],"replies":[{"embeddable":true,"href":"https:\/\/blogdorogeriogomes.com.br\/noticias\/wp-json\/wp\/v2\/comments?post=18400"}],"version-history":[{"count":1,"href":"https:\/\/blogdorogeriogomes.com.br\/noticias\/wp-json\/wp\/v2\/posts\/18400\/revisions"}],"predecessor-version":[{"id":18402,"href":"https:\/\/blogdorogeriogomes.com.br\/noticias\/wp-json\/wp\/v2\/posts\/18400\/revisions\/18402"}],"wp:featuredmedia":[{"embeddable":true,"href":"https:\/\/blogdorogeriogomes.com.br\/noticias\/wp-json\/wp\/v2\/media\/18401"}],"wp:attachment":[{"href":"https:\/\/blogdorogeriogomes.com.br\/noticias\/wp-json\/wp\/v2\/media?parent=18400"}],"wp:term":[{"taxonomy":"category","embeddable":true,"href":"https:\/\/blogdorogeriogomes.com.br\/noticias\/wp-json\/wp\/v2\/categories?post=18400"},{"taxonomy":"post_tag","embeddable":true,"href":"https:\/\/blogdorogeriogomes.com.br\/noticias\/wp-json\/wp\/v2\/tags?post=18400"}],"curies":[{"name":"wp","href":"https:\/\/api.w.org\/{rel}","templated":true}]}}