{"id":18403,"date":"2020-09-24T19:54:23","date_gmt":"2020-09-24T19:54:23","guid":{"rendered":"https:\/\/blogdorogeriogomes.com.br\/?p=18403"},"modified":"2020-09-28T12:08:36","modified_gmt":"2020-09-28T12:08:36","slug":"crivella-e-considerado-inelegivel-no-rio-de-janeiro-governador-witzel-caminha-para-o-impeachment","status":"publish","type":"post","link":"https:\/\/blogdorogeriogomes.com.br\/noticias\/2020\/09\/crivella-e-considerado-inelegivel-no-rio-de-janeiro-governador-witzel-caminha-para-o-impeachment\/","title":{"rendered":"Crivella \u00e9 considerado ineleg\u00edvel no Rio de Janeiro. Governador Witzel caminha para o impeachment"},"content":{"rendered":"\n<p>O Rio de Janeiro sofre, nos \u00faltimos anos, com sequentes gestores envolvidos com fraudes ou den\u00fancias de corrup\u00e7\u00e3o. Seja no Governo do Estado ou at\u00e9 mesmo no comando da Prefeitura da capital carioca. Esta semana, o governador Wilson Witzel (PSC), que j\u00e1 est\u00e1 afastado do cargo pela Justi\u00e7a por seis meses, caminha a passos largos para perder o cargo. Os deputados estaduais da Assembleia Legislativa do Rio de Janeiro aprovaram, por unanimidade (69 a 0), o projeto que autoriza a abertura de um processo de crime de responsabilidade contra o governador afastado. Agora, o caso vai para um Tribunal Misto formado por cinco deputados e cinco desembargadores do Tribunal de Justi\u00e7a, onde ser\u00e1 julgado.<\/p>\n\n\n\n<p>Nesta quinta-feira, dia 24 de setembro, foi a vez do Tribunal Regional Eleitoral do Rio de Janeiro decidir, por unanimidade, condenar o prefeito da Capital carioca, Marcelo Crivella (Republicanos), por abuso de poder pol\u00edtico e conduta vedada. Como puni\u00e7\u00e3o, Crivella, que \u00e9 pr\u00e9-candidato \u00e0 reelei\u00e7\u00e3o, foi considerado ineleg\u00edvel at\u00e9 2026. Aliado do presidente Jair Bolsonaro, ele promete recorrer ao Tribunal Superior Eleitoral (TSE) para continuar na campanha a reelei\u00e7\u00e3o.<\/p>\n\n\n\n<figure class=\"wp-block-image size-large\"><img loading=\"lazy\" decoding=\"async\" width=\"1024\" height=\"576\" src=\"https:\/\/blogdorogeriogomes.com.br\/wp-content\/uploads\/2020\/09\/fup20200525136-1024x576.jpg\" alt=\"\" class=\"wp-image-18404\" srcset=\"https:\/\/blogdorogeriogomes.com.br\/noticias\/wp-content\/uploads\/2020\/09\/fup20200525136-1024x576.jpg 1024w, https:\/\/blogdorogeriogomes.com.br\/noticias\/wp-content\/uploads\/2020\/09\/fup20200525136-300x169.jpg 300w, https:\/\/blogdorogeriogomes.com.br\/noticias\/wp-content\/uploads\/2020\/09\/fup20200525136-768x432.jpg 768w, https:\/\/blogdorogeriogomes.com.br\/noticias\/wp-content\/uploads\/2020\/09\/fup20200525136-800x450.jpg 800w, https:\/\/blogdorogeriogomes.com.br\/noticias\/wp-content\/uploads\/2020\/09\/fup20200525136.jpg 1080w\" sizes=\"auto, (max-width: 1024px) 100vw, 1024px\" \/><\/figure>\n","protected":false},"excerpt":{"rendered":"<p>O Rio de Janeiro sofre, nos \u00faltimos anos, com sequentes gestores envolvidos com fraudes ou den\u00fancias de corrup\u00e7\u00e3o. Seja no Governo do Estado ou at\u00e9 mesmo no comando da Prefeitura da capital carioca. Esta semana, o governador Wilson Witzel (PSC), que j\u00e1 est\u00e1 afastado do cargo pela Justi\u00e7a por seis meses, caminha a passos largos para perder o cargo. Os deputados estaduais da Assembleia Legislativa do Rio de Janeiro aprovaram, por unanimidade (69 a 0), o projeto que autoriza&hellip;<\/p>\n","protected":false},"author":1,"featured_media":18404,"comment_status":"open","ping_status":"open","sticky":false,"template":"","format":"standard","meta":{"footnotes":""},"categories":[1],"tags":[],"class_list":["post-18403","post","type-post","status-publish","format-standard","has-post-thumbnail","hentry","category-noticias"],"_links":{"self":[{"href":"https:\/\/blogdorogeriogomes.com.br\/noticias\/wp-json\/wp\/v2\/posts\/18403","targetHints":{"allow":["GET"]}}],"collection":[{"href":"https:\/\/blogdorogeriogomes.com.br\/noticias\/wp-json\/wp\/v2\/posts"}],"about":[{"href":"https:\/\/blogdorogeriogomes.com.br\/noticias\/wp-json\/wp\/v2\/types\/post"}],"author":[{"embeddable":true,"href":"https:\/\/blogdorogeriogomes.com.br\/noticias\/wp-json\/wp\/v2\/users\/1"}],"replies":[{"embeddable":true,"href":"https:\/\/blogdorogeriogomes.com.br\/noticias\/wp-json\/wp\/v2\/comments?post=18403"}],"version-history":[{"count":1,"href":"https:\/\/blogdorogeriogomes.com.br\/noticias\/wp-json\/wp\/v2\/posts\/18403\/revisions"}],"predecessor-version":[{"id":18405,"href":"https:\/\/blogdorogeriogomes.com.br\/noticias\/wp-json\/wp\/v2\/posts\/18403\/revisions\/18405"}],"wp:featuredmedia":[{"embeddable":true,"href":"https:\/\/blogdorogeriogomes.com.br\/noticias\/wp-json\/wp\/v2\/media\/18404"}],"wp:attachment":[{"href":"https:\/\/blogdorogeriogomes.com.br\/noticias\/wp-json\/wp\/v2\/media?parent=18403"}],"wp:term":[{"taxonomy":"category","embeddable":true,"href":"https:\/\/blogdorogeriogomes.com.br\/noticias\/wp-json\/wp\/v2\/categories?post=18403"},{"taxonomy":"post_tag","embeddable":true,"href":"https:\/\/blogdorogeriogomes.com.br\/noticias\/wp-json\/wp\/v2\/tags?post=18403"}],"curies":[{"name":"wp","href":"https:\/\/api.w.org\/{rel}","templated":true}]}}