{"id":18406,"date":"2020-09-24T20:11:42","date_gmt":"2020-09-24T20:11:42","guid":{"rendered":"https:\/\/blogdorogeriogomes.com.br\/?p=18406"},"modified":"2020-09-28T12:08:27","modified_gmt":"2020-09-28T12:08:27","slug":"nailde-pinheiro-e-eleita-nova-presidente-do-tribunal-de-justica-do-ceara-para-o-bienio-2021-2022","status":"publish","type":"post","link":"https:\/\/blogdorogeriogomes.com.br\/noticias\/2020\/09\/nailde-pinheiro-e-eleita-nova-presidente-do-tribunal-de-justica-do-ceara-para-o-bienio-2021-2022\/","title":{"rendered":"Nailde Pinheiro \u00e9 eleita nova presidente do Tribunal de Justi\u00e7a do Cear\u00e1 para o bi\u00eanio 2021\/2022"},"content":{"rendered":"\n<p>A desembargadora Maria Nailde Pinheiro Nogueira foi eleita nesta quinta-feira, dia 24 de setembro, a nova presidente do Tribunal de Justi\u00e7a do Cear\u00e1 (TJCE). \u00c9 a terceira mulher a ocupar o cargo mais importante da Justi\u00e7a Estadual. Antes dela, ocuparam o cargo as desembargadoras \u00c1gueda Passos e Iracema Vale. Nailde Pinheiro ocupa atualmente o cargo de vice-presidente do TJCE e vai substituir o atual presidente, o desembargador Washington Ara\u00fajo, que permanecer\u00e1 no cargo at\u00e9 fevereiro de 2021, quando deve assumir o novo grupo.<\/p>\n\n\n\n<p>Na elei\u00e7\u00e3o desta quinta-feira tamb\u00e9m foram eleitos para o bi\u00eanio 2021\/2022 o desembargador Ant\u00f4nio Abelardo Benevides Moraes, como vice-presidente, e o desembargador Paulo Airton Albuquerque, como corregedor.&nbsp;<\/p>\n\n\n\n<figure class=\"wp-block-image size-large\"><img loading=\"lazy\" decoding=\"async\" width=\"500\" height=\"330\" src=\"https:\/\/blogdorogeriogomes.com.br\/wp-content\/uploads\/2020\/09\/images-4-3.jpeg\" alt=\"\" class=\"wp-image-18407\" srcset=\"https:\/\/blogdorogeriogomes.com.br\/noticias\/wp-content\/uploads\/2020\/09\/images-4-3.jpeg 500w, https:\/\/blogdorogeriogomes.com.br\/noticias\/wp-content\/uploads\/2020\/09\/images-4-3-300x198.jpeg 300w\" sizes=\"auto, (max-width: 500px) 100vw, 500px\" \/><\/figure>\n","protected":false},"excerpt":{"rendered":"<p>A desembargadora Maria Nailde Pinheiro Nogueira foi eleita nesta quinta-feira, dia 24 de setembro, a nova presidente do Tribunal de Justi\u00e7a do Cear\u00e1 (TJCE). \u00c9 a terceira mulher a ocupar o cargo mais importante da Justi\u00e7a Estadual. Antes dela, ocuparam o cargo as desembargadoras \u00c1gueda Passos e Iracema Vale. Nailde Pinheiro ocupa atualmente o cargo de vice-presidente do TJCE e vai substituir o atual presidente, o desembargador Washington Ara\u00fajo, que permanecer\u00e1 no cargo at\u00e9 fevereiro de 2021, quando deve&hellip;<\/p>\n","protected":false},"author":1,"featured_media":18407,"comment_status":"open","ping_status":"open","sticky":false,"template":"","format":"standard","meta":{"footnotes":""},"categories":[1],"tags":[],"class_list":["post-18406","post","type-post","status-publish","format-standard","has-post-thumbnail","hentry","category-noticias"],"_links":{"self":[{"href":"https:\/\/blogdorogeriogomes.com.br\/noticias\/wp-json\/wp\/v2\/posts\/18406","targetHints":{"allow":["GET"]}}],"collection":[{"href":"https:\/\/blogdorogeriogomes.com.br\/noticias\/wp-json\/wp\/v2\/posts"}],"about":[{"href":"https:\/\/blogdorogeriogomes.com.br\/noticias\/wp-json\/wp\/v2\/types\/post"}],"author":[{"embeddable":true,"href":"https:\/\/blogdorogeriogomes.com.br\/noticias\/wp-json\/wp\/v2\/users\/1"}],"replies":[{"embeddable":true,"href":"https:\/\/blogdorogeriogomes.com.br\/noticias\/wp-json\/wp\/v2\/comments?post=18406"}],"version-history":[{"count":2,"href":"https:\/\/blogdorogeriogomes.com.br\/noticias\/wp-json\/wp\/v2\/posts\/18406\/revisions"}],"predecessor-version":[{"id":18434,"href":"https:\/\/blogdorogeriogomes.com.br\/noticias\/wp-json\/wp\/v2\/posts\/18406\/revisions\/18434"}],"wp:featuredmedia":[{"embeddable":true,"href":"https:\/\/blogdorogeriogomes.com.br\/noticias\/wp-json\/wp\/v2\/media\/18407"}],"wp:attachment":[{"href":"https:\/\/blogdorogeriogomes.com.br\/noticias\/wp-json\/wp\/v2\/media?parent=18406"}],"wp:term":[{"taxonomy":"category","embeddable":true,"href":"https:\/\/blogdorogeriogomes.com.br\/noticias\/wp-json\/wp\/v2\/categories?post=18406"},{"taxonomy":"post_tag","embeddable":true,"href":"https:\/\/blogdorogeriogomes.com.br\/noticias\/wp-json\/wp\/v2\/tags?post=18406"}],"curies":[{"name":"wp","href":"https:\/\/api.w.org\/{rel}","templated":true}]}}