{"id":18412,"date":"2020-09-25T09:41:25","date_gmt":"2020-09-25T09:41:25","guid":{"rendered":"https:\/\/blogdorogeriogomes.com.br\/?p=18412"},"modified":"2020-09-28T12:08:12","modified_gmt":"2020-09-28T12:08:12","slug":"investigacao-da-policia-federal-aponta-que-incendios-no-pantanal-partiram-de-pelo-menos-quatro-fazendas-de-mato-grosso","status":"publish","type":"post","link":"https:\/\/blogdorogeriogomes.com.br\/noticias\/2020\/09\/investigacao-da-policia-federal-aponta-que-incendios-no-pantanal-partiram-de-pelo-menos-quatro-fazendas-de-mato-grosso\/","title":{"rendered":"Investiga\u00e7\u00e3o da Pol\u00edcia Federal aponta que inc\u00eandios no Pantanal partiram de pelo menos quatro fazendas de Mato Grosso do Sul"},"content":{"rendered":"\n<p>Investiga\u00e7\u00e3o da Pol\u00edcia Federal aponta que os inc\u00eandios que devastaram 25 mil hectares do Pantanal come\u00e7aram em quatro fazendas de grande porte em Corumb\u00e1 (MS). A suspeita \u00e9 que produtores rurais tenham colocado fogo na vegeta\u00e7\u00e3o para transforma\u00e7\u00e3o em \u00e1rea de pastagem. Enquanto isso, o Governo Federal tenta justificar as queimadas como normal no per\u00edodo, por causa do calor. No caso da Amaz\u00f4nia, culpa apenas a busca pela sobreviv\u00eancia de ind\u00edgenas e caboclos. H\u00e1 anos, os organismos ambientais denunciam a a\u00e7\u00e3o nociva de grileiros, garimpeiros e madeireiros que devastam a regi\u00e3o sem regras ou qualquer respeito ao C\u00f3digo Florestal.<\/p>\n\n\n\n<p>O Pantanal j\u00e1 registra o n\u00famero mensal mais alto de focos de inc\u00eandio desde o in\u00edcio da s\u00e9rie hist\u00f3rica do Instituto Nacional de Pesquisas Espaciais (Inpe), em 1998: foram 6.048 pontos de queimadas registrados no bioma desde o dia 1\u00ba de setembro at\u00e9 quarta-feira, dia 23 de setembro, o dado mais recente. A Amaz\u00f4nia tamb\u00e9m j\u00e1 registrou mais focos de inc\u00eandio neste m\u00eas do que em todo o m\u00eas de setembro do ano passado. Em setembro de 2019, foram 19.925 focos de calor; neste ano, at\u00e9 quarta-feira (23), houve 28.279 focos, uma alta de cerca de 42%.<\/p>\n\n\n\n<p>Apesar de todas as evid\u00eancias cient\u00edficas, o Minist\u00e9rio do Meio Ambiente tenta desqualificar os dados e continua a pol\u00edtica de desmantelamento dos \u00f3rg\u00e3os como  ICMBio, o Ibama, a Funai, que atuam em a\u00e7\u00f5es de fiscaliza\u00e7\u00e3o e controle. Prova disso \u00e9 que, este ano, o Minist\u00e9rio do Meio Ambiente gastou apenas 35,6% dos valores que foram autorizados para preven\u00e7\u00e3o, combate e fiscaliza\u00e7\u00e3o de queimadas.<\/p>\n\n\n\n<figure class=\"wp-block-image size-large\"><img loading=\"lazy\" decoding=\"async\" width=\"1008\" height=\"672\" src=\"https:\/\/blogdorogeriogomes.com.br\/wp-content\/uploads\/2020\/09\/pantanal-combate-ao-fogo4.jpg\" alt=\"\" class=\"wp-image-18413\" srcset=\"https:\/\/blogdorogeriogomes.com.br\/noticias\/wp-content\/uploads\/2020\/09\/pantanal-combate-ao-fogo4.jpg 1008w, https:\/\/blogdorogeriogomes.com.br\/noticias\/wp-content\/uploads\/2020\/09\/pantanal-combate-ao-fogo4-300x200.jpg 300w, https:\/\/blogdorogeriogomes.com.br\/noticias\/wp-content\/uploads\/2020\/09\/pantanal-combate-ao-fogo4-768x512.jpg 768w, https:\/\/blogdorogeriogomes.com.br\/noticias\/wp-content\/uploads\/2020\/09\/pantanal-combate-ao-fogo4-800x533.jpg 800w\" sizes=\"auto, (max-width: 1008px) 100vw, 1008px\" \/><\/figure>\n","protected":false},"excerpt":{"rendered":"<p>Investiga\u00e7\u00e3o da Pol\u00edcia Federal aponta que os inc\u00eandios que devastaram 25 mil hectares do Pantanal come\u00e7aram em quatro fazendas de grande porte em Corumb\u00e1 (MS). A suspeita \u00e9 que produtores rurais tenham colocado fogo na vegeta\u00e7\u00e3o para transforma\u00e7\u00e3o em \u00e1rea de pastagem. Enquanto isso, o Governo Federal tenta justificar as queimadas como normal no per\u00edodo, por causa do calor. No caso da Amaz\u00f4nia, culpa apenas a busca pela sobreviv\u00eancia de ind\u00edgenas e caboclos. H\u00e1 anos, os organismos ambientais denunciam&hellip;<\/p>\n","protected":false},"author":1,"featured_media":18413,"comment_status":"open","ping_status":"open","sticky":false,"template":"","format":"standard","meta":{"footnotes":""},"categories":[1],"tags":[],"class_list":["post-18412","post","type-post","status-publish","format-standard","has-post-thumbnail","hentry","category-noticias"],"_links":{"self":[{"href":"https:\/\/blogdorogeriogomes.com.br\/noticias\/wp-json\/wp\/v2\/posts\/18412","targetHints":{"allow":["GET"]}}],"collection":[{"href":"https:\/\/blogdorogeriogomes.com.br\/noticias\/wp-json\/wp\/v2\/posts"}],"about":[{"href":"https:\/\/blogdorogeriogomes.com.br\/noticias\/wp-json\/wp\/v2\/types\/post"}],"author":[{"embeddable":true,"href":"https:\/\/blogdorogeriogomes.com.br\/noticias\/wp-json\/wp\/v2\/users\/1"}],"replies":[{"embeddable":true,"href":"https:\/\/blogdorogeriogomes.com.br\/noticias\/wp-json\/wp\/v2\/comments?post=18412"}],"version-history":[{"count":2,"href":"https:\/\/blogdorogeriogomes.com.br\/noticias\/wp-json\/wp\/v2\/posts\/18412\/revisions"}],"predecessor-version":[{"id":18415,"href":"https:\/\/blogdorogeriogomes.com.br\/noticias\/wp-json\/wp\/v2\/posts\/18412\/revisions\/18415"}],"wp:featuredmedia":[{"embeddable":true,"href":"https:\/\/blogdorogeriogomes.com.br\/noticias\/wp-json\/wp\/v2\/media\/18413"}],"wp:attachment":[{"href":"https:\/\/blogdorogeriogomes.com.br\/noticias\/wp-json\/wp\/v2\/media?parent=18412"}],"wp:term":[{"taxonomy":"category","embeddable":true,"href":"https:\/\/blogdorogeriogomes.com.br\/noticias\/wp-json\/wp\/v2\/categories?post=18412"},{"taxonomy":"post_tag","embeddable":true,"href":"https:\/\/blogdorogeriogomes.com.br\/noticias\/wp-json\/wp\/v2\/tags?post=18412"}],"curies":[{"name":"wp","href":"https:\/\/api.w.org\/{rel}","templated":true}]}}