{"id":18416,"date":"2020-09-25T20:50:26","date_gmt":"2020-09-25T20:50:26","guid":{"rendered":"https:\/\/blogdorogeriogomes.com.br\/?p=18416"},"modified":"2020-09-28T12:08:04","modified_gmt":"2020-09-28T12:08:04","slug":"professores-da-rede-estadual-iniciam-testes-da-covid-19-para-retorno-presencial-em-1-de-outubro-rede-municipal-de-fortaleza-ficara-de-fora","status":"publish","type":"post","link":"https:\/\/blogdorogeriogomes.com.br\/noticias\/2020\/09\/professores-da-rede-estadual-iniciam-testes-da-covid-19-para-retorno-presencial-em-1-de-outubro-rede-municipal-de-fortaleza-ficara-de-fora\/","title":{"rendered":"Professores da rede estadual iniciam testes da Covid-19 para retorno presencial em 1\u00b0 de outubro. Rede municipal de Fortaleza ficar\u00e1 de fora"},"content":{"rendered":"\n<p>A Secretaria de Sa\u00fade do Cear\u00e1 iniciou, nesta sexta-feira, dia 25 de setembro, o agendamento dos testes de Covid-19 para os professores da rede estadual. Os testes poder\u00e3o ser realizados a partir de segunda-feira, dia 28, no Centro de Testagem da Pra\u00e7a do Ferreira, no drive-thru do shopping RioMar Kennedy, ambos em Fortaleza, em unidades m\u00f3veis que funcionar\u00e3o exclusivamente para atendimento dos trabalhadores da rede p\u00fablica estadual de ensino.<\/p>\n\n\n\n<p>O esfor\u00e7o \u00e9 deixar os profissionais de educa\u00e7\u00e3o habilitados para o retorno de escolas p\u00fablicas de 44 munic\u00edpios da Macrorregi\u00e3o de Fortaleza que est\u00e3o autorizados a voltar com 35% da capacidade de aulas presenciais, a partir de 1\u00b0 de outubro. O decreto estadual autoriza, mas deixa sob a responsabilidade de cada Prefeitura decidir pela volta das aulas presenciais.<\/p>\n\n\n\n<p>No entanto, oito munic\u00edpios da Regi\u00e3o Metropolitana de Fortaleza j\u00e1 decidiram que n\u00e3o v\u00e3o retornar com as aulas. S\u00e3o eles: Caucaia, Aquiraz, Eus\u00e9bio, Guai\u00faba, Itaitinga, Maracana\u00fa, Maranguape e Pacatuba.<\/p>\n\n\n\n<p>Em Fortaleza, a Secretaria Municipal de Fortaleza diz que as aulas n\u00e3o voltam em 1\u00b0 de outubro. Tamb\u00e9m n\u00e3o confirma nenhuma data para retornar. H\u00e1 uma negocia\u00e7\u00e3o em curso com os professores ligados ao Sindicato \u00danico dos Trabalhadores em Educa\u00e7\u00e3o do Cear\u00e1 (Sindiute), que est\u00e1 resistente ao retorno presencial. H\u00e1 possibilidade de Fortaleza s\u00f3 voltar \u00e0 modalidade do ensino presencial na rede p\u00fablica em 2021.<\/p>\n\n\n\n<figure class=\"wp-block-image size-large\"><img loading=\"lazy\" decoding=\"async\" width=\"739\" height=\"415\" src=\"https:\/\/blogdorogeriogomes.com.br\/wp-content\/uploads\/2020\/09\/images-6-2.jpeg\" alt=\"\" class=\"wp-image-18417\" srcset=\"https:\/\/blogdorogeriogomes.com.br\/noticias\/wp-content\/uploads\/2020\/09\/images-6-2.jpeg 739w, https:\/\/blogdorogeriogomes.com.br\/noticias\/wp-content\/uploads\/2020\/09\/images-6-2-300x168.jpeg 300w\" sizes=\"auto, (max-width: 739px) 100vw, 739px\" \/><\/figure>\n","protected":false},"excerpt":{"rendered":"<p>A Secretaria de Sa\u00fade do Cear\u00e1 iniciou, nesta sexta-feira, dia 25 de setembro, o agendamento dos testes de Covid-19 para os professores da rede estadual. Os testes poder\u00e3o ser realizados a partir de segunda-feira, dia 28, no Centro de Testagem da Pra\u00e7a do Ferreira, no drive-thru do shopping RioMar Kennedy, ambos em Fortaleza, em unidades m\u00f3veis que funcionar\u00e3o exclusivamente para atendimento dos trabalhadores da rede p\u00fablica estadual de ensino. O esfor\u00e7o \u00e9 deixar os profissionais de educa\u00e7\u00e3o habilitados para&hellip;<\/p>\n","protected":false},"author":1,"featured_media":18417,"comment_status":"open","ping_status":"open","sticky":false,"template":"","format":"standard","meta":{"footnotes":""},"categories":[1],"tags":[],"class_list":["post-18416","post","type-post","status-publish","format-standard","has-post-thumbnail","hentry","category-noticias"],"_links":{"self":[{"href":"https:\/\/blogdorogeriogomes.com.br\/noticias\/wp-json\/wp\/v2\/posts\/18416","targetHints":{"allow":["GET"]}}],"collection":[{"href":"https:\/\/blogdorogeriogomes.com.br\/noticias\/wp-json\/wp\/v2\/posts"}],"about":[{"href":"https:\/\/blogdorogeriogomes.com.br\/noticias\/wp-json\/wp\/v2\/types\/post"}],"author":[{"embeddable":true,"href":"https:\/\/blogdorogeriogomes.com.br\/noticias\/wp-json\/wp\/v2\/users\/1"}],"replies":[{"embeddable":true,"href":"https:\/\/blogdorogeriogomes.com.br\/noticias\/wp-json\/wp\/v2\/comments?post=18416"}],"version-history":[{"count":1,"href":"https:\/\/blogdorogeriogomes.com.br\/noticias\/wp-json\/wp\/v2\/posts\/18416\/revisions"}],"predecessor-version":[{"id":18418,"href":"https:\/\/blogdorogeriogomes.com.br\/noticias\/wp-json\/wp\/v2\/posts\/18416\/revisions\/18418"}],"wp:featuredmedia":[{"embeddable":true,"href":"https:\/\/blogdorogeriogomes.com.br\/noticias\/wp-json\/wp\/v2\/media\/18417"}],"wp:attachment":[{"href":"https:\/\/blogdorogeriogomes.com.br\/noticias\/wp-json\/wp\/v2\/media?parent=18416"}],"wp:term":[{"taxonomy":"category","embeddable":true,"href":"https:\/\/blogdorogeriogomes.com.br\/noticias\/wp-json\/wp\/v2\/categories?post=18416"},{"taxonomy":"post_tag","embeddable":true,"href":"https:\/\/blogdorogeriogomes.com.br\/noticias\/wp-json\/wp\/v2\/tags?post=18416"}],"curies":[{"name":"wp","href":"https:\/\/api.w.org\/{rel}","templated":true}]}}