{"id":18419,"date":"2020-09-25T23:18:56","date_gmt":"2020-09-25T23:18:56","guid":{"rendered":"https:\/\/blogdorogeriogomes.com.br\/?p=18419"},"modified":"2020-09-28T12:07:55","modified_gmt":"2020-09-28T12:07:55","slug":"parques-infantis-circos-quadras-e-ginasios-esportivos-voltam-a-ter-atividades-autorizadas-pelo-governo-do-ceara","status":"publish","type":"post","link":"https:\/\/blogdorogeriogomes.com.br\/noticias\/2020\/09\/parques-infantis-circos-quadras-e-ginasios-esportivos-voltam-a-ter-atividades-autorizadas-pelo-governo-do-ceara\/","title":{"rendered":"Parques infantis, circos, quadras e gin\u00e1sios esportivos voltam a ter atividades autorizadas pelo Governo do Cear\u00e1"},"content":{"rendered":"\n<p>Um novo decreto governamental em rela\u00e7\u00e3o ao enfrentamento da Covid-19 passa a valer a partir da pr\u00f3xima segunda-feira, dia 28 de setembro, com a permiss\u00e3o de reabertura de outras atividades econ\u00f4micas. Alguns espa\u00e7os e atividades ficam autorizados a funcionar, tais como: quadras e gin\u00e1sios cobertos; apresenta\u00e7\u00f5es de circo; eventos automobil\u00edsticos; atividades de veleiros; parques infantis em shoppings centers. Tudo mediante autoriza\u00e7\u00e3o sanit\u00e1ria.<\/p>\n\n\n\n<p>Al\u00e9m da Grande Fortaleza, todas as outras macrorregi\u00f5es de sa\u00fade do Cear\u00e1 (Cariri, Sobral\/Regi\u00e3o Norte, Sert\u00e3o Central, Litoral Leste\/Vale do Jaguaribe) seguem na quarta fase do Plano de Retomada Econ\u00f4mica.<\/p>\n\n\n\n<p>O governador do Cear\u00e1, Camilo Santana, destaca a import\u00e2ncia de cumprir os protocolos de sa\u00fade, refor\u00e7ando que a fiscaliza\u00e7\u00e3o ser\u00e1 intensificada. \u201cVamos intensificar a fiscaliza\u00e7\u00e3o dos estabelecimentos comerciais que estiverem descumprindo as normas sanit\u00e1rias que constam no decreto. Alerto que estabelecimentos reincidentes ser\u00e3o fechados pelas equipes de fiscaliza\u00e7\u00e3o\u201d, confirma Camilo.<\/p>\n\n\n\n<figure class=\"wp-block-image size-large\"><img loading=\"lazy\" decoding=\"async\" width=\"960\" height=\"680\" src=\"https:\/\/blogdorogeriogomes.com.br\/wp-content\/uploads\/2020\/09\/120191145_2831896633709578_2261282981727720723_n.jpg\" alt=\"\" class=\"wp-image-18420\" srcset=\"https:\/\/blogdorogeriogomes.com.br\/noticias\/wp-content\/uploads\/2020\/09\/120191145_2831896633709578_2261282981727720723_n.jpg 960w, https:\/\/blogdorogeriogomes.com.br\/noticias\/wp-content\/uploads\/2020\/09\/120191145_2831896633709578_2261282981727720723_n-300x213.jpg 300w, https:\/\/blogdorogeriogomes.com.br\/noticias\/wp-content\/uploads\/2020\/09\/120191145_2831896633709578_2261282981727720723_n-768x544.jpg 768w, https:\/\/blogdorogeriogomes.com.br\/noticias\/wp-content\/uploads\/2020\/09\/120191145_2831896633709578_2261282981727720723_n-800x567.jpg 800w\" sizes=\"auto, (max-width: 960px) 100vw, 960px\" \/><\/figure>\n\n\n\n<p><\/p>\n","protected":false},"excerpt":{"rendered":"<p>Um novo decreto governamental em rela\u00e7\u00e3o ao enfrentamento da Covid-19 passa a valer a partir da pr\u00f3xima segunda-feira, dia 28 de setembro, com a permiss\u00e3o de reabertura de outras atividades econ\u00f4micas. Alguns espa\u00e7os e atividades ficam autorizados a funcionar, tais como: quadras e gin\u00e1sios cobertos; apresenta\u00e7\u00f5es de circo; eventos automobil\u00edsticos; atividades de veleiros; parques infantis em shoppings centers. Tudo mediante autoriza\u00e7\u00e3o sanit\u00e1ria. Al\u00e9m da Grande Fortaleza, todas as outras macrorregi\u00f5es de sa\u00fade do Cear\u00e1 (Cariri, Sobral\/Regi\u00e3o Norte, Sert\u00e3o Central,&hellip;<\/p>\n","protected":false},"author":1,"featured_media":18420,"comment_status":"open","ping_status":"open","sticky":false,"template":"","format":"standard","meta":{"footnotes":""},"categories":[1],"tags":[],"class_list":["post-18419","post","type-post","status-publish","format-standard","has-post-thumbnail","hentry","category-noticias"],"_links":{"self":[{"href":"https:\/\/blogdorogeriogomes.com.br\/noticias\/wp-json\/wp\/v2\/posts\/18419","targetHints":{"allow":["GET"]}}],"collection":[{"href":"https:\/\/blogdorogeriogomes.com.br\/noticias\/wp-json\/wp\/v2\/posts"}],"about":[{"href":"https:\/\/blogdorogeriogomes.com.br\/noticias\/wp-json\/wp\/v2\/types\/post"}],"author":[{"embeddable":true,"href":"https:\/\/blogdorogeriogomes.com.br\/noticias\/wp-json\/wp\/v2\/users\/1"}],"replies":[{"embeddable":true,"href":"https:\/\/blogdorogeriogomes.com.br\/noticias\/wp-json\/wp\/v2\/comments?post=18419"}],"version-history":[{"count":1,"href":"https:\/\/blogdorogeriogomes.com.br\/noticias\/wp-json\/wp\/v2\/posts\/18419\/revisions"}],"predecessor-version":[{"id":18421,"href":"https:\/\/blogdorogeriogomes.com.br\/noticias\/wp-json\/wp\/v2\/posts\/18419\/revisions\/18421"}],"wp:featuredmedia":[{"embeddable":true,"href":"https:\/\/blogdorogeriogomes.com.br\/noticias\/wp-json\/wp\/v2\/media\/18420"}],"wp:attachment":[{"href":"https:\/\/blogdorogeriogomes.com.br\/noticias\/wp-json\/wp\/v2\/media?parent=18419"}],"wp:term":[{"taxonomy":"category","embeddable":true,"href":"https:\/\/blogdorogeriogomes.com.br\/noticias\/wp-json\/wp\/v2\/categories?post=18419"},{"taxonomy":"post_tag","embeddable":true,"href":"https:\/\/blogdorogeriogomes.com.br\/noticias\/wp-json\/wp\/v2\/tags?post=18419"}],"curies":[{"name":"wp","href":"https:\/\/api.w.org\/{rel}","templated":true}]}}