{"id":18422,"date":"2020-09-26T13:27:36","date_gmt":"2020-09-26T13:27:36","guid":{"rendered":"https:\/\/blogdorogeriogomes.com.br\/?p=18422"},"modified":"2020-09-28T12:07:46","modified_gmt":"2020-09-28T12:07:46","slug":"candidatos-a-prefeitura-da-capital-comecam-a-avaliar-o-peso-dos-seus-principais-cabos-eleitorais","status":"publish","type":"post","link":"https:\/\/blogdorogeriogomes.com.br\/noticias\/2020\/09\/candidatos-a-prefeitura-da-capital-comecam-a-avaliar-o-peso-dos-seus-principais-cabos-eleitorais\/","title":{"rendered":"Candidatos \u00e0 Prefeitura da Capital come\u00e7am a avaliar o peso dos seus principais cabos eleitorais"},"content":{"rendered":"\n<p>Com as alian\u00e7as fechadas para a disputa eleitoral de novembro, os candidatos \u00e0 Prefeitura de Fortaleza come\u00e7am a avaliar os principais cabos eleitorais com quem poder\u00e3o contar na campanha.<\/p>\n\n\n\n<p>O presidente da Rep\u00fablica, Jair Bolsonaro, reafirmou diversas vezes que pretende interferir o m\u00ednimo nas elei\u00e7\u00f5es municipais. No entanto, em Fortaleza, duas candidaturas est\u00e3o identificadas com o bolsonarismo e devem fazer uso da imagem do presidente de acordo com a conveni\u00eancia. S\u00e3o elas: a do Capit\u00e3o Wagner (Pros) e Heitor Freire (PSL).<\/p>\n\n\n\n<p>O governador do Cear\u00e1, Camilo Santana, tentou at\u00e9 a \u00faltima hora unir o PT e o PDT em Fortaleza. Por ser petista, ter\u00e1 sua imagem na campanha certamente vinculada \u00e0 ex-prefeita Luizianne Lins. Mas diante da sua identifica\u00e7\u00e3o com os irm\u00e3os Cid e Ciro Ferreira Gomes (PDT) e ao atual prefeito Roberto Cl\u00e1udio (PDT), dever\u00e1 ter ao longo da campanha ver enaltecida sua parceria com a atual administra\u00e7\u00e3o de Fortaleza em diversas obras executadas na Capital. Estrat\u00e9gia que dever\u00e1 favorecer o candidato do PDT em Fortaleza, Jos\u00e9 Sarto, presidente da Assembleia Legislativa. Por\u00e9m, pela legisla\u00e7\u00e3o eleitoral, a imagem de Camilo Santana n\u00e3o poder\u00e1 ser utilizada na propaganda eleitoral do PDT.<\/p>\n\n\n\n<p>E, por fim, a candidata do PT, Luizianne Lins, tamb\u00e9m dever\u00e1 fazer uso da imagem do ex-presidente Lula como cabo eleitoral em Fortaleza. Lula ainda tem aceita\u00e7\u00e3o popular na Capital e pode influenciar o voto de muitos eleitores.<\/p>\n\n\n\n<figure class=\"wp-block-image size-large\"><img loading=\"lazy\" decoding=\"async\" width=\"550\" height=\"279\" src=\"https:\/\/blogdorogeriogomes.com.br\/wp-content\/uploads\/2020\/09\/images-7-2.jpeg\" alt=\"\" class=\"wp-image-18423\" srcset=\"https:\/\/blogdorogeriogomes.com.br\/noticias\/wp-content\/uploads\/2020\/09\/images-7-2.jpeg 550w, https:\/\/blogdorogeriogomes.com.br\/noticias\/wp-content\/uploads\/2020\/09\/images-7-2-300x152.jpeg 300w\" sizes=\"auto, (max-width: 550px) 100vw, 550px\" \/><\/figure>\n","protected":false},"excerpt":{"rendered":"<p>Com as alian\u00e7as fechadas para a disputa eleitoral de novembro, os candidatos \u00e0 Prefeitura de Fortaleza come\u00e7am a avaliar os principais cabos eleitorais com quem poder\u00e3o contar na campanha. O presidente da Rep\u00fablica, Jair Bolsonaro, reafirmou diversas vezes que pretende interferir o m\u00ednimo nas elei\u00e7\u00f5es municipais. No entanto, em Fortaleza, duas candidaturas est\u00e3o identificadas com o bolsonarismo e devem fazer uso da imagem do presidente de acordo com a conveni\u00eancia. S\u00e3o elas: a do Capit\u00e3o Wagner (Pros) e Heitor&hellip;<\/p>\n","protected":false},"author":1,"featured_media":18423,"comment_status":"open","ping_status":"open","sticky":false,"template":"","format":"standard","meta":{"footnotes":""},"categories":[1],"tags":[],"class_list":["post-18422","post","type-post","status-publish","format-standard","has-post-thumbnail","hentry","category-noticias"],"_links":{"self":[{"href":"https:\/\/blogdorogeriogomes.com.br\/noticias\/wp-json\/wp\/v2\/posts\/18422","targetHints":{"allow":["GET"]}}],"collection":[{"href":"https:\/\/blogdorogeriogomes.com.br\/noticias\/wp-json\/wp\/v2\/posts"}],"about":[{"href":"https:\/\/blogdorogeriogomes.com.br\/noticias\/wp-json\/wp\/v2\/types\/post"}],"author":[{"embeddable":true,"href":"https:\/\/blogdorogeriogomes.com.br\/noticias\/wp-json\/wp\/v2\/users\/1"}],"replies":[{"embeddable":true,"href":"https:\/\/blogdorogeriogomes.com.br\/noticias\/wp-json\/wp\/v2\/comments?post=18422"}],"version-history":[{"count":1,"href":"https:\/\/blogdorogeriogomes.com.br\/noticias\/wp-json\/wp\/v2\/posts\/18422\/revisions"}],"predecessor-version":[{"id":18424,"href":"https:\/\/blogdorogeriogomes.com.br\/noticias\/wp-json\/wp\/v2\/posts\/18422\/revisions\/18424"}],"wp:featuredmedia":[{"embeddable":true,"href":"https:\/\/blogdorogeriogomes.com.br\/noticias\/wp-json\/wp\/v2\/media\/18423"}],"wp:attachment":[{"href":"https:\/\/blogdorogeriogomes.com.br\/noticias\/wp-json\/wp\/v2\/media?parent=18422"}],"wp:term":[{"taxonomy":"category","embeddable":true,"href":"https:\/\/blogdorogeriogomes.com.br\/noticias\/wp-json\/wp\/v2\/categories?post=18422"},{"taxonomy":"post_tag","embeddable":true,"href":"https:\/\/blogdorogeriogomes.com.br\/noticias\/wp-json\/wp\/v2\/tags?post=18422"}],"curies":[{"name":"wp","href":"https:\/\/api.w.org\/{rel}","templated":true}]}}