{"id":18425,"date":"2020-09-28T09:14:53","date_gmt":"2020-09-28T09:14:53","guid":{"rendered":"https:\/\/blogdorogeriogomes.com.br\/?p=18425"},"modified":"2020-09-28T12:07:37","modified_gmt":"2020-09-28T12:07:37","slug":"candidatos-circulam-por-varios-pontos-de-fortaleza-no-primeiro-dia-de-campanha-eleitoral","status":"publish","type":"post","link":"https:\/\/blogdorogeriogomes.com.br\/noticias\/2020\/09\/candidatos-circulam-por-varios-pontos-de-fortaleza-no-primeiro-dia-de-campanha-eleitoral\/","title":{"rendered":"Candidatos circulam por v\u00e1rios pontos de Fortaleza no primeiro dia de campanha eleitoral"},"content":{"rendered":"\n<p>Com apelo social e mobiliza\u00e7\u00e3o junto \u00e0s suas bases, os principais candidatos \u00e0 Prefeitura de Fortaleza cumpriram, ao longo deste domingo, dia 27 de setembro, as primeiras agendas da campanha oficial para as Elei\u00e7\u00f5es Municipais de 2020. Na \u00faltima hora, a Capital cearense passou a ter 11 candidatos \u00e0 Prefeitura. O Partido da Causa Oper\u00e1ria (PCO) registrou sua candidatura no \u00faltimo dia permitido pela Justi\u00e7a Eleitoral. Trata-se de Jos\u00e9 Loureto. A candidata a vice da chapa \u00e9 Thais Helena<\/p>\n\n\n\n<figure class=\"wp-block-image size-large\"><img loading=\"lazy\" decoding=\"async\" width=\"750\" height=\"500\" src=\"https:\/\/blogdorogeriogomes.com.br\/wp-content\/uploads\/2020\/09\/1_sarto_no_hospital-13633162.jpg\" alt=\"\" class=\"wp-image-18426\" srcset=\"https:\/\/blogdorogeriogomes.com.br\/noticias\/wp-content\/uploads\/2020\/09\/1_sarto_no_hospital-13633162.jpg 750w, https:\/\/blogdorogeriogomes.com.br\/noticias\/wp-content\/uploads\/2020\/09\/1_sarto_no_hospital-13633162-300x200.jpg 300w\" sizes=\"auto, (max-width: 750px) 100vw, 750px\" \/><\/figure>\n\n\n\n<p>Luizianne Lins (PT) iniciou o dia na Barra do Cear\u00e1, com visitas a apoiadores na Vila do Mar e na Comunidade da Cimpelco. Acompanhada do deputado federal e vice-presidente nacional do PT, Jos\u00e9 Guimar\u00e3es, a prefeitur\u00e1vel petista destacou que cuidar\u00e1 da popula\u00e7\u00e3o no p\u00f3s-pandemia. Luizianne afirmou ainda que espera contar com o apoio do governador Camilo Santana. &#8220;Camilo \u00e9 petista e bem avaliado&#8221;, defendeu em entrevista \u00e0 imprensa presente. Tamb\u00e9m foram realizadas atividades com a milit\u00e2ncia nas feiras da Messejana e Parangaba, no Largo da Mocinha e na Praia de Iracema.<\/p>\n\n\n\n<figure class=\"wp-block-image size-large\"><img loading=\"lazy\" decoding=\"async\" width=\"750\" height=\"500\" src=\"https:\/\/blogdorogeriogomes.com.br\/wp-content\/uploads\/2020\/09\/1_vila_do_mar-13633357.jpg\" alt=\"\" class=\"wp-image-18427\" srcset=\"https:\/\/blogdorogeriogomes.com.br\/noticias\/wp-content\/uploads\/2020\/09\/1_vila_do_mar-13633357.jpg 750w, https:\/\/blogdorogeriogomes.com.br\/noticias\/wp-content\/uploads\/2020\/09\/1_vila_do_mar-13633357-300x200.jpg 300w\" sizes=\"auto, (max-width: 750px) 100vw, 750px\" \/><\/figure>\n\n\n\n<p>Capit\u00e3o Wagner (Pros) deu a largada na campanha oficial em visita a Associa\u00e7\u00e3o Valentes de Davi, acompanhado de sua vice, Kamila Cardoso, e do senador Eduardo Gir\u00e3o. Wagner focou o seu discurso em defesa das pessoas em situa\u00e7\u00e3o de vulnerabilidade e garantiu &#8220;trazer ideias e solu\u00e7\u00f5es para uma Fortaleza que precisa ser libertada e renovada&#8221;. O candidato participou ainda de um adesiva\u00e7o na Barra do Cear\u00e1, encontro com empres\u00e1rios no Mondubim e uma live de perguntas e respostas no Facebook.<\/p>\n\n\n\n<p>Jos\u00e9 Sarto Nogueira (PDT) come\u00e7ou a campanha com visita ao novo Hospital da Crian\u00e7a, no J\u00f3quei Clube, ao lado do prefeito Roberto Cl\u00e1udio. Sarto deu \u00eanfase ao seu curr\u00edculo como m\u00e9dico e destacou a responsabilidade da gest\u00e3o municipal na ado\u00e7\u00e3o de todos os protocolos de seguran\u00e7a sanit\u00e1ria e cuidados com a popula\u00e7\u00e3o durante a pandemia do Covid-19. Sobre a corrida eleitoral, o candidato disse que focar\u00e1 nas pessoas sem &#8220;gastar tempo com atitudes pequenas&#8221;. Adesiva\u00e7os com aliados no Coc\u00f3, Jacarecanga e Praia de Iracema tamb\u00e9m marcaram o primeiro dia de atividades da chapa.<\/p>\n\n\n\n<figure class=\"wp-block-image size-large\"><img loading=\"lazy\" decoding=\"async\" width=\"750\" height=\"500\" src=\"https:\/\/blogdorogeriogomes.com.br\/wp-content\/uploads\/2020\/09\/1_correta-13632931.jpg\" alt=\"\" class=\"wp-image-18428\" srcset=\"https:\/\/blogdorogeriogomes.com.br\/noticias\/wp-content\/uploads\/2020\/09\/1_correta-13632931.jpg 750w, https:\/\/blogdorogeriogomes.com.br\/noticias\/wp-content\/uploads\/2020\/09\/1_correta-13632931-300x200.jpg 300w\" sizes=\"auto, (max-width: 750px) 100vw, 750px\" \/><\/figure>\n\n\n\n<p><\/p>\n","protected":false},"excerpt":{"rendered":"<p>Com apelo social e mobiliza\u00e7\u00e3o junto \u00e0s suas bases, os principais candidatos \u00e0 Prefeitura de Fortaleza cumpriram, ao longo deste domingo, dia 27 de setembro, as primeiras agendas da campanha oficial para as Elei\u00e7\u00f5es Municipais de 2020. Na \u00faltima hora, a Capital cearense passou a ter 11 candidatos \u00e0 Prefeitura. O Partido da Causa Oper\u00e1ria (PCO) registrou sua candidatura no \u00faltimo dia permitido pela Justi\u00e7a Eleitoral. Trata-se de Jos\u00e9 Loureto. A candidata a vice da chapa \u00e9 Thais Helena&hellip;<\/p>\n","protected":false},"author":1,"featured_media":18426,"comment_status":"open","ping_status":"open","sticky":false,"template":"","format":"standard","meta":{"footnotes":""},"categories":[1],"tags":[],"class_list":["post-18425","post","type-post","status-publish","format-standard","has-post-thumbnail","hentry","category-noticias"],"_links":{"self":[{"href":"https:\/\/blogdorogeriogomes.com.br\/noticias\/wp-json\/wp\/v2\/posts\/18425","targetHints":{"allow":["GET"]}}],"collection":[{"href":"https:\/\/blogdorogeriogomes.com.br\/noticias\/wp-json\/wp\/v2\/posts"}],"about":[{"href":"https:\/\/blogdorogeriogomes.com.br\/noticias\/wp-json\/wp\/v2\/types\/post"}],"author":[{"embeddable":true,"href":"https:\/\/blogdorogeriogomes.com.br\/noticias\/wp-json\/wp\/v2\/users\/1"}],"replies":[{"embeddable":true,"href":"https:\/\/blogdorogeriogomes.com.br\/noticias\/wp-json\/wp\/v2\/comments?post=18425"}],"version-history":[{"count":1,"href":"https:\/\/blogdorogeriogomes.com.br\/noticias\/wp-json\/wp\/v2\/posts\/18425\/revisions"}],"predecessor-version":[{"id":18429,"href":"https:\/\/blogdorogeriogomes.com.br\/noticias\/wp-json\/wp\/v2\/posts\/18425\/revisions\/18429"}],"wp:featuredmedia":[{"embeddable":true,"href":"https:\/\/blogdorogeriogomes.com.br\/noticias\/wp-json\/wp\/v2\/media\/18426"}],"wp:attachment":[{"href":"https:\/\/blogdorogeriogomes.com.br\/noticias\/wp-json\/wp\/v2\/media?parent=18425"}],"wp:term":[{"taxonomy":"category","embeddable":true,"href":"https:\/\/blogdorogeriogomes.com.br\/noticias\/wp-json\/wp\/v2\/categories?post=18425"},{"taxonomy":"post_tag","embeddable":true,"href":"https:\/\/blogdorogeriogomes.com.br\/noticias\/wp-json\/wp\/v2\/tags?post=18425"}],"curies":[{"name":"wp","href":"https:\/\/api.w.org\/{rel}","templated":true}]}}