{"id":18435,"date":"2020-09-28T19:21:15","date_gmt":"2020-09-28T19:21:15","guid":{"rendered":"https:\/\/blogdorogeriogomes.com.br\/?p=18435"},"modified":"2020-09-29T12:01:55","modified_gmt":"2020-09-29T12:01:55","slug":"bolsonaro-anuncia-programa-renda-cidada-com-recursos-de-precatorios-e-do-fundeb","status":"publish","type":"post","link":"https:\/\/blogdorogeriogomes.com.br\/noticias\/2020\/09\/bolsonaro-anuncia-programa-renda-cidada-com-recursos-de-precatorios-e-do-fundeb\/","title":{"rendered":"Bolsonaro anuncia programa Renda Cidad\u00e3 com recursos de precat\u00f3rios e do Fundeb"},"content":{"rendered":"\n<p>O presidente Jair Bolsonaro anunciou, nesta segunda-feira, dia 28 de setembro, o novo programa de transfer\u00eancia de renda do governo federal, o Renda Cidad\u00e3. O mecanismo vem para substituir o aux\u00edlio emergencial e o Bolsa Fam\u00edlia.<\/p>\n\n\n\n<p>A proposta da equipe de Bolsonaro \u00e9 usar os recursos de pagamento de precat\u00f3rios (t\u00edtulos da d\u00edvida p\u00fablica reconhecidos ap\u00f3s decis\u00e3o definitiva da Justi\u00e7a) e parte do Fundo de Manuten\u00e7\u00e3o e Desenvolvimento da Educa\u00e7\u00e3o B\u00e1sica e de Valoriza\u00e7\u00e3o dos Profissionais da Educa\u00e7\u00e3o (Fundeb).<\/p>\n\n\n\n<p>O novo programa social servir\u00e1 como uma esp\u00e9cie de continua\u00e7\u00e3o do aux\u00edlio emergencial com a marca da gest\u00e3o Bolsonaro, visando manter a popularidade do presidente para a elei\u00e7\u00e3o de 2022.<\/p>\n\n\n\n<p>N\u00e3o \u00e9 a primeira vez que o governo prop\u00f5e usar recursos da educa\u00e7\u00e3o no novo programa. A tentativa foi vista como uma manobra para driblar o teto de gastos, visto que o Fundeb est\u00e1 fora do teto. O Congresso recha\u00e7ou a iniciativa.<\/p>\n\n\n\n<figure class=\"wp-block-image size-large\"><img loading=\"lazy\" decoding=\"async\" width=\"1024\" height=\"613\" src=\"https:\/\/blogdorogeriogomes.com.br\/wp-content\/uploads\/2020\/09\/IMG-20200928-WA0083-1024x613.jpg\" alt=\"\" class=\"wp-image-18436\" srcset=\"https:\/\/blogdorogeriogomes.com.br\/noticias\/wp-content\/uploads\/2020\/09\/IMG-20200928-WA0083-1024x613.jpg 1024w, https:\/\/blogdorogeriogomes.com.br\/noticias\/wp-content\/uploads\/2020\/09\/IMG-20200928-WA0083-300x179.jpg 300w, https:\/\/blogdorogeriogomes.com.br\/noticias\/wp-content\/uploads\/2020\/09\/IMG-20200928-WA0083-768x459.jpg 768w, https:\/\/blogdorogeriogomes.com.br\/noticias\/wp-content\/uploads\/2020\/09\/IMG-20200928-WA0083-800x479.jpg 800w, https:\/\/blogdorogeriogomes.com.br\/noticias\/wp-content\/uploads\/2020\/09\/IMG-20200928-WA0083.jpg 1170w\" sizes=\"auto, (max-width: 1024px) 100vw, 1024px\" \/><\/figure>\n","protected":false},"excerpt":{"rendered":"<p>O presidente Jair Bolsonaro anunciou, nesta segunda-feira, dia 28 de setembro, o novo programa de transfer\u00eancia de renda do governo federal, o Renda Cidad\u00e3. O mecanismo vem para substituir o aux\u00edlio emergencial e o Bolsa Fam\u00edlia. A proposta da equipe de Bolsonaro \u00e9 usar os recursos de pagamento de precat\u00f3rios (t\u00edtulos da d\u00edvida p\u00fablica reconhecidos ap\u00f3s decis\u00e3o definitiva da Justi\u00e7a) e parte do Fundo de Manuten\u00e7\u00e3o e Desenvolvimento da Educa\u00e7\u00e3o B\u00e1sica e de Valoriza\u00e7\u00e3o dos Profissionais da Educa\u00e7\u00e3o (Fundeb).&hellip;<\/p>\n","protected":false},"author":1,"featured_media":18436,"comment_status":"open","ping_status":"open","sticky":false,"template":"","format":"standard","meta":{"footnotes":""},"categories":[1],"tags":[],"class_list":["post-18435","post","type-post","status-publish","format-standard","has-post-thumbnail","hentry","category-noticias"],"_links":{"self":[{"href":"https:\/\/blogdorogeriogomes.com.br\/noticias\/wp-json\/wp\/v2\/posts\/18435","targetHints":{"allow":["GET"]}}],"collection":[{"href":"https:\/\/blogdorogeriogomes.com.br\/noticias\/wp-json\/wp\/v2\/posts"}],"about":[{"href":"https:\/\/blogdorogeriogomes.com.br\/noticias\/wp-json\/wp\/v2\/types\/post"}],"author":[{"embeddable":true,"href":"https:\/\/blogdorogeriogomes.com.br\/noticias\/wp-json\/wp\/v2\/users\/1"}],"replies":[{"embeddable":true,"href":"https:\/\/blogdorogeriogomes.com.br\/noticias\/wp-json\/wp\/v2\/comments?post=18435"}],"version-history":[{"count":1,"href":"https:\/\/blogdorogeriogomes.com.br\/noticias\/wp-json\/wp\/v2\/posts\/18435\/revisions"}],"predecessor-version":[{"id":18437,"href":"https:\/\/blogdorogeriogomes.com.br\/noticias\/wp-json\/wp\/v2\/posts\/18435\/revisions\/18437"}],"wp:featuredmedia":[{"embeddable":true,"href":"https:\/\/blogdorogeriogomes.com.br\/noticias\/wp-json\/wp\/v2\/media\/18436"}],"wp:attachment":[{"href":"https:\/\/blogdorogeriogomes.com.br\/noticias\/wp-json\/wp\/v2\/media?parent=18435"}],"wp:term":[{"taxonomy":"category","embeddable":true,"href":"https:\/\/blogdorogeriogomes.com.br\/noticias\/wp-json\/wp\/v2\/categories?post=18435"},{"taxonomy":"post_tag","embeddable":true,"href":"https:\/\/blogdorogeriogomes.com.br\/noticias\/wp-json\/wp\/v2\/tags?post=18435"}],"curies":[{"name":"wp","href":"https:\/\/api.w.org\/{rel}","templated":true}]}}