{"id":18438,"date":"2020-09-28T19:38:19","date_gmt":"2020-09-28T19:38:19","guid":{"rendered":"https:\/\/blogdorogeriogomes.com.br\/?p=18438"},"modified":"2020-09-29T12:01:15","modified_gmt":"2020-09-29T12:01:15","slug":"jose-sarto-e-capitao-wagner-comecam-a-semana-util-de-campanha-com-visitas-a-comunidades-de-fortaleza","status":"publish","type":"post","link":"https:\/\/blogdorogeriogomes.com.br\/noticias\/2020\/09\/jose-sarto-e-capitao-wagner-comecam-a-semana-util-de-campanha-com-visitas-a-comunidades-de-fortaleza\/","title":{"rendered":"Jos\u00e9 Sarto e Capit\u00e3o Wagner come\u00e7am a semana \u00fatil de campanha com visitas a comunidades de Fortaleza"},"content":{"rendered":"\n<p>Candidatos \u00e0 Prefeitura de Fortaleza, Jos\u00e9 Sarto (PDT) e Capit\u00e3o Wagner (Pros) cumpriram agenda no in\u00edcio desta semana com visitas a comunidades da capital cearense.<\/p>\n\n\n\n<p>Sarto (PDT), esteve na manh\u00e3 desta segunda-feira, dia 28 de setembro, em visita ao Conjunto Residencial Alto da Paz, no bairro Vicente Pinz\u00f3n. Durante a agenda, o pedetista afirmou que vai ampliar a pol\u00edtica habitacional em Fortaleza. Estiveram na agenda o prefeito Roberto Cl\u00e1udio e o vice da chapa, Elcio Batista. Ap\u00f3s o ato, a comitiva visitou ainda as obras do Centro de Educa\u00e7\u00e3o Infantil Cais do Porto. O prefeitur\u00e1vel completa o dia com mini-carreata no Aracap\u00e9 e inaugura\u00e7\u00e3o de comit\u00ea da vereadora B\u00e1 no Parque S\u00e3o Jos\u00e9.<\/p>\n\n\n\n<p>J\u00e1 Capit\u00e3o Wagner cumpriu agenda junto a aliados, tamb\u00e9m pela manh\u00e3, com populares na feira do bairro Carlito Pamplona. De l\u00e1, o candidato seguiu para grava\u00e7\u00e3o de conte\u00fado de seu programa eleitoral. O restante do dia de Wagner ser\u00e1 dedicado a adesiva\u00e7os no Jangurussu e no Siqueira e jantar com l\u00edderes da Assembleia de Deus.<\/p>\n\n\n\n<figure class=\"wp-block-image size-large\"><img loading=\"lazy\" decoding=\"async\" width=\"1024\" height=\"652\" src=\"https:\/\/blogdorogeriogomes.com.br\/wp-content\/uploads\/2020\/09\/IMG-20200928-WA0077-1024x652.jpg\" alt=\"\" class=\"wp-image-18439\" srcset=\"https:\/\/blogdorogeriogomes.com.br\/noticias\/wp-content\/uploads\/2020\/09\/IMG-20200928-WA0077-1024x652.jpg 1024w, https:\/\/blogdorogeriogomes.com.br\/noticias\/wp-content\/uploads\/2020\/09\/IMG-20200928-WA0077-300x191.jpg 300w, https:\/\/blogdorogeriogomes.com.br\/noticias\/wp-content\/uploads\/2020\/09\/IMG-20200928-WA0077-768x489.jpg 768w, https:\/\/blogdorogeriogomes.com.br\/noticias\/wp-content\/uploads\/2020\/09\/IMG-20200928-WA0077-800x509.jpg 800w, https:\/\/blogdorogeriogomes.com.br\/noticias\/wp-content\/uploads\/2020\/09\/IMG-20200928-WA0077.jpg 1280w\" sizes=\"auto, (max-width: 1024px) 100vw, 1024px\" \/><\/figure>\n","protected":false},"excerpt":{"rendered":"<p>Candidatos \u00e0 Prefeitura de Fortaleza, Jos\u00e9 Sarto (PDT) e Capit\u00e3o Wagner (Pros) cumpriram agenda no in\u00edcio desta semana com visitas a comunidades da capital cearense. Sarto (PDT), esteve na manh\u00e3 desta segunda-feira, dia 28 de setembro, em visita ao Conjunto Residencial Alto da Paz, no bairro Vicente Pinz\u00f3n. Durante a agenda, o pedetista afirmou que vai ampliar a pol\u00edtica habitacional em Fortaleza. Estiveram na agenda o prefeito Roberto Cl\u00e1udio e o vice da chapa, Elcio Batista. Ap\u00f3s o ato,&hellip;<\/p>\n","protected":false},"author":1,"featured_media":18439,"comment_status":"open","ping_status":"open","sticky":false,"template":"","format":"standard","meta":{"footnotes":""},"categories":[1],"tags":[],"class_list":["post-18438","post","type-post","status-publish","format-standard","has-post-thumbnail","hentry","category-noticias"],"_links":{"self":[{"href":"https:\/\/blogdorogeriogomes.com.br\/noticias\/wp-json\/wp\/v2\/posts\/18438","targetHints":{"allow":["GET"]}}],"collection":[{"href":"https:\/\/blogdorogeriogomes.com.br\/noticias\/wp-json\/wp\/v2\/posts"}],"about":[{"href":"https:\/\/blogdorogeriogomes.com.br\/noticias\/wp-json\/wp\/v2\/types\/post"}],"author":[{"embeddable":true,"href":"https:\/\/blogdorogeriogomes.com.br\/noticias\/wp-json\/wp\/v2\/users\/1"}],"replies":[{"embeddable":true,"href":"https:\/\/blogdorogeriogomes.com.br\/noticias\/wp-json\/wp\/v2\/comments?post=18438"}],"version-history":[{"count":1,"href":"https:\/\/blogdorogeriogomes.com.br\/noticias\/wp-json\/wp\/v2\/posts\/18438\/revisions"}],"predecessor-version":[{"id":18440,"href":"https:\/\/blogdorogeriogomes.com.br\/noticias\/wp-json\/wp\/v2\/posts\/18438\/revisions\/18440"}],"wp:featuredmedia":[{"embeddable":true,"href":"https:\/\/blogdorogeriogomes.com.br\/noticias\/wp-json\/wp\/v2\/media\/18439"}],"wp:attachment":[{"href":"https:\/\/blogdorogeriogomes.com.br\/noticias\/wp-json\/wp\/v2\/media?parent=18438"}],"wp:term":[{"taxonomy":"category","embeddable":true,"href":"https:\/\/blogdorogeriogomes.com.br\/noticias\/wp-json\/wp\/v2\/categories?post=18438"},{"taxonomy":"post_tag","embeddable":true,"href":"https:\/\/blogdorogeriogomes.com.br\/noticias\/wp-json\/wp\/v2\/tags?post=18438"}],"curies":[{"name":"wp","href":"https:\/\/api.w.org\/{rel}","templated":true}]}}