{"id":18441,"date":"2020-09-28T19:53:33","date_gmt":"2020-09-28T19:53:33","guid":{"rendered":"https:\/\/blogdorogeriogomes.com.br\/?p=18441"},"modified":"2020-09-29T12:01:05","modified_gmt":"2020-09-29T12:01:05","slug":"camilo-santana-e-roberto-claudio-entregam-novo-predio-do-ijf2-nesta-terca-feira","status":"publish","type":"post","link":"https:\/\/blogdorogeriogomes.com.br\/noticias\/2020\/09\/camilo-santana-e-roberto-claudio-entregam-novo-predio-do-ijf2-nesta-terca-feira\/","title":{"rendered":"Camilo Santana e Roberto Cl\u00e1udio entregam novo pr\u00e9dio do IJF2 nesta ter\u00e7a-feira"},"content":{"rendered":"\n<p>O governador do Cear\u00e1, Camilo Santana, e o prefeito de Fortaleza, Roberto Cl\u00e1udio, inauguram, \u00e0s 9 horas desta ter\u00e7a-feira, dia 29 de setembro, as novas instala\u00e7\u00f5es do IJF 2. O hospital foi constru\u00eddo em parceria da Prefeitura de Fortaleza com o Governo do Cear\u00e1, possui 13.237m\u00b2 de \u00e1rea constru\u00edda, contando com cinco pavimentos. O novo edif\u00edcio recebe o nome do ex-prefeito da Capital, Juraci Magalh\u00e3es.<\/p>\n\n\n\n<p>O hospital passa a contar com 664 leitos para o tratamento de crian\u00e7as, adultos e idosos v\u00edtimas de quedas, queimaduras, intoxica\u00e7\u00f5es agudas, ocorr\u00eancias de tr\u00e2nsito e outros acidentes graves.&nbsp;Foram constru\u00eddos 203 novos leitos, sendo 47 deles priorit\u00e1rios para idosos, 24 na Ala de Pediatria e mais 30 leitos em Unidades de Terapia Intensiva (UTI).<\/p>\n\n\n\n<figure class=\"wp-block-image size-large\"><img loading=\"lazy\" decoding=\"async\" width=\"1024\" height=\"601\" src=\"https:\/\/blogdorogeriogomes.com.br\/wp-content\/uploads\/2020\/09\/c82cfdab_6c26_4fcb_bd31_5b00d1c731eb-12706991-1024x601.jpg\" alt=\"\" class=\"wp-image-18442\" srcset=\"https:\/\/blogdorogeriogomes.com.br\/noticias\/wp-content\/uploads\/2020\/09\/c82cfdab_6c26_4fcb_bd31_5b00d1c731eb-12706991-1024x601.jpg 1024w, https:\/\/blogdorogeriogomes.com.br\/noticias\/wp-content\/uploads\/2020\/09\/c82cfdab_6c26_4fcb_bd31_5b00d1c731eb-12706991-300x176.jpg 300w, https:\/\/blogdorogeriogomes.com.br\/noticias\/wp-content\/uploads\/2020\/09\/c82cfdab_6c26_4fcb_bd31_5b00d1c731eb-12706991-768x451.jpg 768w, https:\/\/blogdorogeriogomes.com.br\/noticias\/wp-content\/uploads\/2020\/09\/c82cfdab_6c26_4fcb_bd31_5b00d1c731eb-12706991-800x469.jpg 800w, https:\/\/blogdorogeriogomes.com.br\/noticias\/wp-content\/uploads\/2020\/09\/c82cfdab_6c26_4fcb_bd31_5b00d1c731eb-12706991.jpg 1140w\" sizes=\"auto, (max-width: 1024px) 100vw, 1024px\" \/><\/figure>\n","protected":false},"excerpt":{"rendered":"<p>O governador do Cear\u00e1, Camilo Santana, e o prefeito de Fortaleza, Roberto Cl\u00e1udio, inauguram, \u00e0s 9 horas desta ter\u00e7a-feira, dia 29 de setembro, as novas instala\u00e7\u00f5es do IJF 2. O hospital foi constru\u00eddo em parceria da Prefeitura de Fortaleza com o Governo do Cear\u00e1, possui 13.237m\u00b2 de \u00e1rea constru\u00edda, contando com cinco pavimentos. O novo edif\u00edcio recebe o nome do ex-prefeito da Capital, Juraci Magalh\u00e3es. O hospital passa a contar com 664 leitos para o tratamento de crian\u00e7as, adultos&hellip;<\/p>\n","protected":false},"author":1,"featured_media":18442,"comment_status":"open","ping_status":"open","sticky":false,"template":"","format":"standard","meta":{"footnotes":""},"categories":[1],"tags":[],"class_list":["post-18441","post","type-post","status-publish","format-standard","has-post-thumbnail","hentry","category-noticias"],"_links":{"self":[{"href":"https:\/\/blogdorogeriogomes.com.br\/noticias\/wp-json\/wp\/v2\/posts\/18441","targetHints":{"allow":["GET"]}}],"collection":[{"href":"https:\/\/blogdorogeriogomes.com.br\/noticias\/wp-json\/wp\/v2\/posts"}],"about":[{"href":"https:\/\/blogdorogeriogomes.com.br\/noticias\/wp-json\/wp\/v2\/types\/post"}],"author":[{"embeddable":true,"href":"https:\/\/blogdorogeriogomes.com.br\/noticias\/wp-json\/wp\/v2\/users\/1"}],"replies":[{"embeddable":true,"href":"https:\/\/blogdorogeriogomes.com.br\/noticias\/wp-json\/wp\/v2\/comments?post=18441"}],"version-history":[{"count":2,"href":"https:\/\/blogdorogeriogomes.com.br\/noticias\/wp-json\/wp\/v2\/posts\/18441\/revisions"}],"predecessor-version":[{"id":18457,"href":"https:\/\/blogdorogeriogomes.com.br\/noticias\/wp-json\/wp\/v2\/posts\/18441\/revisions\/18457"}],"wp:featuredmedia":[{"embeddable":true,"href":"https:\/\/blogdorogeriogomes.com.br\/noticias\/wp-json\/wp\/v2\/media\/18442"}],"wp:attachment":[{"href":"https:\/\/blogdorogeriogomes.com.br\/noticias\/wp-json\/wp\/v2\/media?parent=18441"}],"wp:term":[{"taxonomy":"category","embeddable":true,"href":"https:\/\/blogdorogeriogomes.com.br\/noticias\/wp-json\/wp\/v2\/categories?post=18441"},{"taxonomy":"post_tag","embeddable":true,"href":"https:\/\/blogdorogeriogomes.com.br\/noticias\/wp-json\/wp\/v2\/tags?post=18441"}],"curies":[{"name":"wp","href":"https:\/\/api.w.org\/{rel}","templated":true}]}}