{"id":18445,"date":"2020-09-28T21:51:51","date_gmt":"2020-09-28T21:51:51","guid":{"rendered":"https:\/\/blogdorogeriogomes.com.br\/?p=18445"},"modified":"2020-09-29T12:00:52","modified_gmt":"2020-09-29T12:00:52","slug":"ministerio-publico-do-rj-denuncia-flavio-bolsonaro-e-fabricio-queiroz-por-pratica-de-rachadinha","status":"publish","type":"post","link":"https:\/\/blogdorogeriogomes.com.br\/noticias\/2020\/09\/ministerio-publico-do-rj-denuncia-flavio-bolsonaro-e-fabricio-queiroz-por-pratica-de-rachadinha\/","title":{"rendered":"Minist\u00e9rio P\u00fablico do RJ conclui den\u00fancia de Fl\u00e1vio Bolsonaro e Fabr\u00edcio Queiroz por pr\u00e1tica de \u201crachadinha\u201d"},"content":{"rendered":"\n<p>O Minist\u00e9rio P\u00fablico do Rio de Janeiro (MP-RJ) concluiu nesta segunda-feira, dia 28 de setembro, o inqu\u00e9rito das rachadinhas envolvendo o senador Fl\u00e1vio Bolsonaro (Republicanos) e o ex-assessor dele Fabr\u00edcio Queiroz. O filho do presidente Jair Bolsonaro foi apontado como l\u00edder da organiza\u00e7\u00e3o criminosa e o seu ex-assessor na Assembleia Legislativa do Rio de Janeiro como operador do esquema de corrup\u00e7\u00e3o que, segundo os promotores, funcionava no gabinete do ent\u00e3o deputado estadual.<br>Em den\u00fancia com 300 p\u00e1ginas, os dois s\u00e3o acusados de peculato, lavagem de dinheiro e organiza\u00e7\u00e3o criminosa. Quebras de sigilo banc\u00e1rios e fiscal apontam que o senador usou pelo menos R$ 2,7 milh\u00f5es em dinheiro vivo do esquema das rachadinhas. Segundo o jornal O Globo, a den\u00fancia ainda ser\u00e1 formalizada junto ao Tribunal de Justi\u00e7a do Rio de Janeiro.<\/p>\n\n\n\n<figure class=\"wp-block-image size-large\"><img loading=\"lazy\" decoding=\"async\" width=\"715\" height=\"429\" src=\"https:\/\/blogdorogeriogomes.com.br\/wp-content\/uploads\/2020\/09\/images-17.jpeg\" alt=\"\" class=\"wp-image-18446\" srcset=\"https:\/\/blogdorogeriogomes.com.br\/noticias\/wp-content\/uploads\/2020\/09\/images-17.jpeg 715w, https:\/\/blogdorogeriogomes.com.br\/noticias\/wp-content\/uploads\/2020\/09\/images-17-300x180.jpeg 300w\" sizes=\"auto, (max-width: 715px) 100vw, 715px\" \/><\/figure>\n","protected":false},"excerpt":{"rendered":"<p>O Minist\u00e9rio P\u00fablico do Rio de Janeiro (MP-RJ) concluiu nesta segunda-feira, dia 28 de setembro, o inqu\u00e9rito das rachadinhas envolvendo o senador Fl\u00e1vio Bolsonaro (Republicanos) e o ex-assessor dele Fabr\u00edcio Queiroz. O filho do presidente Jair Bolsonaro foi apontado como l\u00edder da organiza\u00e7\u00e3o criminosa e o seu ex-assessor na Assembleia Legislativa do Rio de Janeiro como operador do esquema de corrup\u00e7\u00e3o que, segundo os promotores, funcionava no gabinete do ent\u00e3o deputado estadual.Em den\u00fancia com 300 p\u00e1ginas, os dois s\u00e3o&hellip;<\/p>\n","protected":false},"author":1,"featured_media":18446,"comment_status":"open","ping_status":"open","sticky":false,"template":"","format":"standard","meta":{"footnotes":""},"categories":[1],"tags":[],"class_list":["post-18445","post","type-post","status-publish","format-standard","has-post-thumbnail","hentry","category-noticias"],"_links":{"self":[{"href":"https:\/\/blogdorogeriogomes.com.br\/noticias\/wp-json\/wp\/v2\/posts\/18445","targetHints":{"allow":["GET"]}}],"collection":[{"href":"https:\/\/blogdorogeriogomes.com.br\/noticias\/wp-json\/wp\/v2\/posts"}],"about":[{"href":"https:\/\/blogdorogeriogomes.com.br\/noticias\/wp-json\/wp\/v2\/types\/post"}],"author":[{"embeddable":true,"href":"https:\/\/blogdorogeriogomes.com.br\/noticias\/wp-json\/wp\/v2\/users\/1"}],"replies":[{"embeddable":true,"href":"https:\/\/blogdorogeriogomes.com.br\/noticias\/wp-json\/wp\/v2\/comments?post=18445"}],"version-history":[{"count":2,"href":"https:\/\/blogdorogeriogomes.com.br\/noticias\/wp-json\/wp\/v2\/posts\/18445\/revisions"}],"predecessor-version":[{"id":18450,"href":"https:\/\/blogdorogeriogomes.com.br\/noticias\/wp-json\/wp\/v2\/posts\/18445\/revisions\/18450"}],"wp:featuredmedia":[{"embeddable":true,"href":"https:\/\/blogdorogeriogomes.com.br\/noticias\/wp-json\/wp\/v2\/media\/18446"}],"wp:attachment":[{"href":"https:\/\/blogdorogeriogomes.com.br\/noticias\/wp-json\/wp\/v2\/media?parent=18445"}],"wp:term":[{"taxonomy":"category","embeddable":true,"href":"https:\/\/blogdorogeriogomes.com.br\/noticias\/wp-json\/wp\/v2\/categories?post=18445"},{"taxonomy":"post_tag","embeddable":true,"href":"https:\/\/blogdorogeriogomes.com.br\/noticias\/wp-json\/wp\/v2\/tags?post=18445"}],"curies":[{"name":"wp","href":"https:\/\/api.w.org\/{rel}","templated":true}]}}