{"id":18451,"date":"2020-09-29T09:17:11","date_gmt":"2020-09-29T09:17:11","guid":{"rendered":"https:\/\/blogdorogeriogomes.com.br\/?p=18451"},"modified":"2020-09-29T12:00:37","modified_gmt":"2020-09-29T12:00:37","slug":"tre-no-ceara-vai-discutir-o-horario-eleitoral-gratuito-com-partidos-e-emissoras-de-radio-e-tv","status":"publish","type":"post","link":"https:\/\/blogdorogeriogomes.com.br\/noticias\/2020\/09\/tre-no-ceara-vai-discutir-o-horario-eleitoral-gratuito-com-partidos-e-emissoras-de-radio-e-tv\/","title":{"rendered":"TRE no Cear\u00e1 vai discutir o hor\u00e1rio eleitoral gratuito com partidos e emissoras de r\u00e1dio e TV"},"content":{"rendered":"\n<p>O Tribunal Regional Eleitoral do Cear\u00e1 marcou uma reuni\u00e3o com representantes de partidos pol\u00edticos e emissoras de r\u00e1dio e TV, no pr\u00f3ximo dia 5 de outubro, para discutir o in\u00edcio do hor\u00e1rio eleitoral gratuito, que come\u00e7ar\u00e1 no dia 9 de outubro. <\/p>\n\n\n\n<p>As emissoras de r\u00e1dio e TV passam a transmitir a propaganda eleitoral gratuita at\u00e9 o dia 12 de novembro, de segunda-feira a s\u00e1bado, em dois hor\u00e1rios. No r\u00e1dio, a propaganda ir\u00e1 ao ar das 7h \u00e0s 7h10min e depois das 12h \u00e0s 12h10min; j\u00e1 na TV, a transmiss\u00e3o ocorrer\u00e1 das 13h \u00e0s 13h10min e das 20h30 \u00e0s 20h40min.<\/p>\n\n\n\n<p>As emissoras tamb\u00e9m dever\u00e3o reservar em sua programa\u00e7\u00e3o di\u00e1ria 70 minutos, no primeiro turno, e 25 minutos, no segundo, para a veicula\u00e7\u00e3o de inser\u00e7\u00f5es de 30 e 60 segundos de propaganda eleitoral. Esse conte\u00fado dever\u00e1 ir ao ar das 5h \u00e0s 0h, na propor\u00e7\u00e3o de 60% para candidatos a prefeito e 40% para candidatos a vereador.<\/p>\n\n\n\n<figure class=\"wp-block-image size-large\"><img loading=\"lazy\" decoding=\"async\" width=\"430\" height=\"220\" src=\"https:\/\/blogdorogeriogomes.com.br\/wp-content\/uploads\/2020\/09\/images-1-5.jpeg\" alt=\"\" class=\"wp-image-18452\" srcset=\"https:\/\/blogdorogeriogomes.com.br\/noticias\/wp-content\/uploads\/2020\/09\/images-1-5.jpeg 430w, https:\/\/blogdorogeriogomes.com.br\/noticias\/wp-content\/uploads\/2020\/09\/images-1-5-300x153.jpeg 300w\" sizes=\"auto, (max-width: 430px) 100vw, 430px\" \/><\/figure>\n","protected":false},"excerpt":{"rendered":"<p>O Tribunal Regional Eleitoral do Cear\u00e1 marcou uma reuni\u00e3o com representantes de partidos pol\u00edticos e emissoras de r\u00e1dio e TV, no pr\u00f3ximo dia 5 de outubro, para discutir o in\u00edcio do hor\u00e1rio eleitoral gratuito, que come\u00e7ar\u00e1 no dia 9 de outubro. As emissoras de r\u00e1dio e TV passam a transmitir a propaganda eleitoral gratuita at\u00e9 o dia 12 de novembro, de segunda-feira a s\u00e1bado, em dois hor\u00e1rios. No r\u00e1dio, a propaganda ir\u00e1 ao ar das 7h \u00e0s 7h10min e&hellip;<\/p>\n","protected":false},"author":1,"featured_media":18452,"comment_status":"open","ping_status":"open","sticky":false,"template":"","format":"standard","meta":{"footnotes":""},"categories":[1],"tags":[],"class_list":["post-18451","post","type-post","status-publish","format-standard","has-post-thumbnail","hentry","category-noticias"],"_links":{"self":[{"href":"https:\/\/blogdorogeriogomes.com.br\/noticias\/wp-json\/wp\/v2\/posts\/18451","targetHints":{"allow":["GET"]}}],"collection":[{"href":"https:\/\/blogdorogeriogomes.com.br\/noticias\/wp-json\/wp\/v2\/posts"}],"about":[{"href":"https:\/\/blogdorogeriogomes.com.br\/noticias\/wp-json\/wp\/v2\/types\/post"}],"author":[{"embeddable":true,"href":"https:\/\/blogdorogeriogomes.com.br\/noticias\/wp-json\/wp\/v2\/users\/1"}],"replies":[{"embeddable":true,"href":"https:\/\/blogdorogeriogomes.com.br\/noticias\/wp-json\/wp\/v2\/comments?post=18451"}],"version-history":[{"count":1,"href":"https:\/\/blogdorogeriogomes.com.br\/noticias\/wp-json\/wp\/v2\/posts\/18451\/revisions"}],"predecessor-version":[{"id":18453,"href":"https:\/\/blogdorogeriogomes.com.br\/noticias\/wp-json\/wp\/v2\/posts\/18451\/revisions\/18453"}],"wp:featuredmedia":[{"embeddable":true,"href":"https:\/\/blogdorogeriogomes.com.br\/noticias\/wp-json\/wp\/v2\/media\/18452"}],"wp:attachment":[{"href":"https:\/\/blogdorogeriogomes.com.br\/noticias\/wp-json\/wp\/v2\/media?parent=18451"}],"wp:term":[{"taxonomy":"category","embeddable":true,"href":"https:\/\/blogdorogeriogomes.com.br\/noticias\/wp-json\/wp\/v2\/categories?post=18451"},{"taxonomy":"post_tag","embeddable":true,"href":"https:\/\/blogdorogeriogomes.com.br\/noticias\/wp-json\/wp\/v2\/tags?post=18451"}],"curies":[{"name":"wp","href":"https:\/\/api.w.org\/{rel}","templated":true}]}}