{"id":18454,"date":"2020-09-29T09:36:51","date_gmt":"2020-09-29T09:36:51","guid":{"rendered":"https:\/\/blogdorogeriogomes.com.br\/?p=18454"},"modified":"2020-09-29T12:02:07","modified_gmt":"2020-09-29T12:02:07","slug":"mpf-pede-afastamento-do-ministro-do-meio-ambiente-ricardo-salles","status":"publish","type":"post","link":"https:\/\/blogdorogeriogomes.com.br\/noticias\/2020\/09\/mpf-pede-afastamento-do-ministro-do-meio-ambiente-ricardo-salles\/","title":{"rendered":"MPF pede afastamento do ministro do Meio Ambiente, Ricardo Salles"},"content":{"rendered":"\n<p>O Minist\u00e9rio P\u00fablico Federal (MPF) solicitou nesta segunda-feira, dia 28 de setembro, ao Tribunal Regional Federal da 1\u00aa Regi\u00e3o (TRF-1) que analise o pedido de afastamento do ministro do Meio Ambiente, Ricardo Salles, do cargo.<\/p>\n\n\n\n<p>Os procuradores argumentam que &#8220;a perman\u00eancia do requerido Ricardo de Aquino Salles no cargo de Ministro do Meio Ambiente tem trazido, a cada dia, consequ\u00eancias tr\u00e1gicas \u00e0 prote\u00e7\u00e3o ambiental, especialmente pelo alarmante aumento do desmatamento, sobretudo na Floresta Amaz\u00f4nica&#8221;.<\/p>\n\n\n\n<p>O MPF prop\u00f4s o afastamento do ministro no dia seis de julho na primeira inst\u00e2ncia da Justi\u00e7a Federal no Distrito Federal. A a\u00e7\u00e3o tramita na 8\u00aa Vara Federal no DF, mas o pedido ainda n\u00e3o foi avaliado.<\/p>\n\n\n\n<p>Nesta segunda-feira, Salles conseguiu aprovar no Conselho Nacional do Meio Ambiente, presidido por ele, a extin\u00e7\u00e3o de duas resolu\u00e7\u00f5es que definiam \u00e1reas de prote\u00e7\u00e3o permanente de manguezais e de restingas do litoral brasileiro. Com a revoga\u00e7\u00e3o, o caminho fica aberto a especula\u00e7\u00f5es imobili\u00e1rias nas faixas de vegeta\u00e7\u00e3o de praias e para a ocupa\u00e7\u00e3o de \u00e1reas de mangues para produ\u00e7\u00e3o de camar\u00e3o. Parlamentares em Bras\u00edlia tentam anular a decis\u00e3o na Justi\u00e7a.<\/p>\n\n\n\n<figure class=\"wp-block-image size-large\"><img loading=\"lazy\" decoding=\"async\" width=\"1024\" height=\"682\" src=\"https:\/\/blogdorogeriogomes.com.br\/wp-content\/uploads\/2020\/09\/fcpzzb_abr_270320193554.jpg\" alt=\"\" class=\"wp-image-18455\" srcset=\"https:\/\/blogdorogeriogomes.com.br\/noticias\/wp-content\/uploads\/2020\/09\/fcpzzb_abr_270320193554.jpg 1024w, https:\/\/blogdorogeriogomes.com.br\/noticias\/wp-content\/uploads\/2020\/09\/fcpzzb_abr_270320193554-300x200.jpg 300w, https:\/\/blogdorogeriogomes.com.br\/noticias\/wp-content\/uploads\/2020\/09\/fcpzzb_abr_270320193554-768x512.jpg 768w, https:\/\/blogdorogeriogomes.com.br\/noticias\/wp-content\/uploads\/2020\/09\/fcpzzb_abr_270320193554-800x533.jpg 800w\" sizes=\"auto, (max-width: 1024px) 100vw, 1024px\" \/><\/figure>\n","protected":false},"excerpt":{"rendered":"<p>O Minist\u00e9rio P\u00fablico Federal (MPF) solicitou nesta segunda-feira, dia 28 de setembro, ao Tribunal Regional Federal da 1\u00aa Regi\u00e3o (TRF-1) que analise o pedido de afastamento do ministro do Meio Ambiente, Ricardo Salles, do cargo. Os procuradores argumentam que &#8220;a perman\u00eancia do requerido Ricardo de Aquino Salles no cargo de Ministro do Meio Ambiente tem trazido, a cada dia, consequ\u00eancias tr\u00e1gicas \u00e0 prote\u00e7\u00e3o ambiental, especialmente pelo alarmante aumento do desmatamento, sobretudo na Floresta Amaz\u00f4nica&#8221;. O MPF prop\u00f4s o afastamento&hellip;<\/p>\n","protected":false},"author":1,"featured_media":18455,"comment_status":"open","ping_status":"open","sticky":false,"template":"","format":"standard","meta":{"footnotes":""},"categories":[1],"tags":[],"class_list":["post-18454","post","type-post","status-publish","format-standard","has-post-thumbnail","hentry","category-noticias"],"_links":{"self":[{"href":"https:\/\/blogdorogeriogomes.com.br\/noticias\/wp-json\/wp\/v2\/posts\/18454","targetHints":{"allow":["GET"]}}],"collection":[{"href":"https:\/\/blogdorogeriogomes.com.br\/noticias\/wp-json\/wp\/v2\/posts"}],"about":[{"href":"https:\/\/blogdorogeriogomes.com.br\/noticias\/wp-json\/wp\/v2\/types\/post"}],"author":[{"embeddable":true,"href":"https:\/\/blogdorogeriogomes.com.br\/noticias\/wp-json\/wp\/v2\/users\/1"}],"replies":[{"embeddable":true,"href":"https:\/\/blogdorogeriogomes.com.br\/noticias\/wp-json\/wp\/v2\/comments?post=18454"}],"version-history":[{"count":1,"href":"https:\/\/blogdorogeriogomes.com.br\/noticias\/wp-json\/wp\/v2\/posts\/18454\/revisions"}],"predecessor-version":[{"id":18456,"href":"https:\/\/blogdorogeriogomes.com.br\/noticias\/wp-json\/wp\/v2\/posts\/18454\/revisions\/18456"}],"wp:featuredmedia":[{"embeddable":true,"href":"https:\/\/blogdorogeriogomes.com.br\/noticias\/wp-json\/wp\/v2\/media\/18455"}],"wp:attachment":[{"href":"https:\/\/blogdorogeriogomes.com.br\/noticias\/wp-json\/wp\/v2\/media?parent=18454"}],"wp:term":[{"taxonomy":"category","embeddable":true,"href":"https:\/\/blogdorogeriogomes.com.br\/noticias\/wp-json\/wp\/v2\/categories?post=18454"},{"taxonomy":"post_tag","embeddable":true,"href":"https:\/\/blogdorogeriogomes.com.br\/noticias\/wp-json\/wp\/v2\/tags?post=18454"}],"curies":[{"name":"wp","href":"https:\/\/api.w.org\/{rel}","templated":true}]}}