{"id":18459,"date":"2020-09-29T15:54:30","date_gmt":"2020-09-29T15:54:30","guid":{"rendered":"https:\/\/blogdorogeriogomes.com.br\/?p=18459"},"modified":"2020-10-01T10:40:54","modified_gmt":"2020-10-01T10:40:54","slug":"candidaturas-de-pt-e-pdt-em-fortaleza-buscam-estrategias-para-utilizar-imagem-do-governador-camilo-santana","status":"publish","type":"post","link":"https:\/\/blogdorogeriogomes.com.br\/noticias\/2020\/09\/candidaturas-de-pt-e-pdt-em-fortaleza-buscam-estrategias-para-utilizar-imagem-do-governador-camilo-santana\/","title":{"rendered":"Candidaturas de PT e PDT em Fortaleza buscam estrat\u00e9gias para utilizar imagem do governador Camilo Santana"},"content":{"rendered":"\n<p>O governador Camilo Santana \u00e9 centro de uma disputa pelo uso de sua imagem na campanha para Prefeitura de Fortaleza. Apesar de ser do Partido dos Trabalhadores, que lan\u00e7ou chapa \u00fanica com Luizianne Lins como candidata na Capital, o governador do Cear\u00e1 \u00e9 ligado diretamente ao grupo dos Ferreira Gomes e sua base pedetista, que tem Jos\u00e9 Sarto Nogueira como candidato ao Pa\u00e7o Municipal.<\/p>\n\n\n\n<p>Logo nas primeiras publicidades veiculadas em sua campanha, Luizianne Lins utiliza fotos e o nome de Camilo como um dos seus apoiadores. A ex-prefeita de Fortaleza argumentou que espera ter o chefe do Executivo Estadual ao seu lado por ser um petista e governador bem avaliado. Camilo, no entanto, se esquiva da associa\u00e7\u00e3o e destacou, nesta ter\u00e7a-feira, dia 29 de setembro, que tem parceira com Roberto Cl\u00e1udio e que a vice-governadora, Izolda Cela, tamb\u00e9m \u00e9 do PDT.<\/p>\n\n\n\n<p>O governador tentou, at\u00e9 \u00e0s v\u00e9speras da oficializa\u00e7\u00e3o das candidaturas de Sarto e Luizianne, uma alian\u00e7a entre PT e PDT para lan\u00e7ar o candidato \u00e0 Prefeitura.<\/p>\n\n\n\n<p>Do lado de Jos\u00e9 Sarto, as postagens em suas redes sociais que fazem alus\u00e3o \u00e0 parceria com Camilo Santana j\u00e1 geraram rea\u00e7\u00e3o dentro da disputa das elei\u00e7\u00f5es. O juiz Ademar da Silva Lima, da 2\u00aa Zona Eleitoral de Fortaleza, a pedido da coliga\u00e7\u00e3o de Capit\u00e3o Wagner (Pros), determinou a retirada do ar de postagem patrocinada na qual Sarto est\u00e1 ao lado de Roberto Cl\u00e1udio e Camilo Santana. Al\u00e9m do impulsionamento eletr\u00f4nico, a\u00e7\u00e3o vedada pela Legisla\u00e7\u00e3o, o PDT n\u00e3o pode usar a imagem direta do governador para benef\u00edcio do candidato.<\/p>\n\n\n\n<p>Contudo, a chapa dever\u00e1 adotar como estrat\u00e9gia o mote da parceria da atual administra\u00e7\u00e3o da Prefeitura de Fortaleza com o Governo do Estado, al\u00e9m da atua\u00e7\u00e3o de Elcio Batista, vice de Sarto, como chefe da Casa Civil da gest\u00e3o de Camilo.<\/p>\n\n\n\n<figure class=\"wp-block-image size-large\"><img loading=\"lazy\" decoding=\"async\" width=\"678\" height=\"452\" src=\"https:\/\/blogdorogeriogomes.com.br\/wp-content\/uploads\/2020\/09\/images-2-6.jpeg\" alt=\"\" class=\"wp-image-18460\" srcset=\"https:\/\/blogdorogeriogomes.com.br\/noticias\/wp-content\/uploads\/2020\/09\/images-2-6.jpeg 678w, https:\/\/blogdorogeriogomes.com.br\/noticias\/wp-content\/uploads\/2020\/09\/images-2-6-300x200.jpeg 300w\" sizes=\"auto, (max-width: 678px) 100vw, 678px\" \/><\/figure>\n","protected":false},"excerpt":{"rendered":"<p>O governador Camilo Santana \u00e9 centro de uma disputa pelo uso de sua imagem na campanha para Prefeitura de Fortaleza. Apesar de ser do Partido dos Trabalhadores, que lan\u00e7ou chapa \u00fanica com Luizianne Lins como candidata na Capital, o governador do Cear\u00e1 \u00e9 ligado diretamente ao grupo dos Ferreira Gomes e sua base pedetista, que tem Jos\u00e9 Sarto Nogueira como candidato ao Pa\u00e7o Municipal. Logo nas primeiras publicidades veiculadas em sua campanha, Luizianne Lins utiliza fotos e o nome&hellip;<\/p>\n","protected":false},"author":1,"featured_media":18460,"comment_status":"open","ping_status":"open","sticky":false,"template":"","format":"standard","meta":{"footnotes":""},"categories":[1],"tags":[],"class_list":["post-18459","post","type-post","status-publish","format-standard","has-post-thumbnail","hentry","category-noticias"],"_links":{"self":[{"href":"https:\/\/blogdorogeriogomes.com.br\/noticias\/wp-json\/wp\/v2\/posts\/18459","targetHints":{"allow":["GET"]}}],"collection":[{"href":"https:\/\/blogdorogeriogomes.com.br\/noticias\/wp-json\/wp\/v2\/posts"}],"about":[{"href":"https:\/\/blogdorogeriogomes.com.br\/noticias\/wp-json\/wp\/v2\/types\/post"}],"author":[{"embeddable":true,"href":"https:\/\/blogdorogeriogomes.com.br\/noticias\/wp-json\/wp\/v2\/users\/1"}],"replies":[{"embeddable":true,"href":"https:\/\/blogdorogeriogomes.com.br\/noticias\/wp-json\/wp\/v2\/comments?post=18459"}],"version-history":[{"count":1,"href":"https:\/\/blogdorogeriogomes.com.br\/noticias\/wp-json\/wp\/v2\/posts\/18459\/revisions"}],"predecessor-version":[{"id":18461,"href":"https:\/\/blogdorogeriogomes.com.br\/noticias\/wp-json\/wp\/v2\/posts\/18459\/revisions\/18461"}],"wp:featuredmedia":[{"embeddable":true,"href":"https:\/\/blogdorogeriogomes.com.br\/noticias\/wp-json\/wp\/v2\/media\/18460"}],"wp:attachment":[{"href":"https:\/\/blogdorogeriogomes.com.br\/noticias\/wp-json\/wp\/v2\/media?parent=18459"}],"wp:term":[{"taxonomy":"category","embeddable":true,"href":"https:\/\/blogdorogeriogomes.com.br\/noticias\/wp-json\/wp\/v2\/categories?post=18459"},{"taxonomy":"post_tag","embeddable":true,"href":"https:\/\/blogdorogeriogomes.com.br\/noticias\/wp-json\/wp\/v2\/tags?post=18459"}],"curies":[{"name":"wp","href":"https:\/\/api.w.org\/{rel}","templated":true}]}}