{"id":18462,"date":"2020-09-29T18:05:57","date_gmt":"2020-09-29T18:05:57","guid":{"rendered":"https:\/\/blogdorogeriogomes.com.br\/?p=18462"},"modified":"2020-10-01T10:40:11","modified_gmt":"2020-10-01T10:40:11","slug":"retorno-de-aulas-no-dia-1-de-outubro-ficara-restrito-apenas-a-novas-series-da-rede-particular-estado-e-municipio-vao-continuar-com-ensino-remoto","status":"publish","type":"post","link":"https:\/\/blogdorogeriogomes.com.br\/noticias\/2020\/09\/retorno-de-aulas-no-dia-1-de-outubro-ficara-restrito-apenas-a-novas-series-da-rede-particular-estado-e-municipio-vao-continuar-com-ensino-remoto\/","title":{"rendered":"Retorno de aulas no dia 1\u00b0 de outubro ficar\u00e1 restrito apenas a novas s\u00e9ries da rede particular. Estado e munic\u00edpio v\u00e3o continuar com ensino remoto"},"content":{"rendered":"\n<p>Na manh\u00e3 desta ter\u00e7a-feira, dia 29 de setembro, o Governo do Cear\u00e1 confirmou que as aulas presenciais das escolas p\u00fablicas estaduais n\u00e3o ser\u00e3o retomadas a partir do dia 1\u00ba de outubro, pr\u00f3xima quinta-feira, data prevista pelo \u00faltimo decreto estadual. As escolas municipais de Fortaleza e de pelo menos oito munic\u00edpios da Regi\u00e3o Metropolitana tamb\u00e9m n\u00e3o voltam com o ensino presencial. Continuam com as aulas remotas. Apenas a rede particular da Macrorregi\u00e3o de Fortaleza ter\u00e1 a oportunidade de retornar com aulas presenciais para v\u00e1rias s\u00e9ries.<\/p>\n\n\n\n<p>O decreto estadual prev\u00ea as aulas presenciais liberadas no in\u00edcio de outubro com at\u00e9 35% da capacidade do \u00faltimo ano do Ensino M\u00e9dio e da Educa\u00e7\u00e3o Profissional, 1\u00ba, 2\u00ba e 9\u00ba anos do Ensino Fundamental, Educa\u00e7\u00e3o de Jovens e Adultos, al\u00e9m de 50% da Educa\u00e7\u00e3o Infantil em institui\u00e7\u00f5es p\u00fablicas e tamb\u00e9m privadas.<\/p>\n\n\n\n<p>Segundo a secret\u00e1ria da Educa\u00e7\u00e3o do Cear\u00e1, Eliana Estrela, ainda n\u00e3o h\u00e1 data definida para o retorno. A titular da Seduc afirmou ainda que em nenhum momento foi feita a convoca\u00e7\u00e3o de professores, alunos ou servidores das unidades da rede p\u00fablica de ensino.<\/p>\n\n\n\n<p>A decis\u00e3o de n\u00e3o retornar \u00e0s aulas na rede p\u00fablica t\u00eam rela\u00e7\u00e3o com uma resist\u00eancia dos professores em retornar com as aulas presenciais, como tamb\u00e9m a avalia\u00e7\u00e3o de muitos pais que desejam que o ensino presencial s\u00f3 volte efetivamente em 2021.<\/p>\n\n\n\n<figure class=\"wp-block-image size-large\"><img loading=\"lazy\" decoding=\"async\" width=\"678\" height=\"452\" src=\"https:\/\/blogdorogeriogomes.com.br\/wp-content\/uploads\/2020\/09\/images-3-4.jpeg\" alt=\"\" class=\"wp-image-18463\" srcset=\"https:\/\/blogdorogeriogomes.com.br\/noticias\/wp-content\/uploads\/2020\/09\/images-3-4.jpeg 678w, https:\/\/blogdorogeriogomes.com.br\/noticias\/wp-content\/uploads\/2020\/09\/images-3-4-300x200.jpeg 300w\" sizes=\"auto, (max-width: 678px) 100vw, 678px\" \/><\/figure>\n","protected":false},"excerpt":{"rendered":"<p>Na manh\u00e3 desta ter\u00e7a-feira, dia 29 de setembro, o Governo do Cear\u00e1 confirmou que as aulas presenciais das escolas p\u00fablicas estaduais n\u00e3o ser\u00e3o retomadas a partir do dia 1\u00ba de outubro, pr\u00f3xima quinta-feira, data prevista pelo \u00faltimo decreto estadual. As escolas municipais de Fortaleza e de pelo menos oito munic\u00edpios da Regi\u00e3o Metropolitana tamb\u00e9m n\u00e3o voltam com o ensino presencial. Continuam com as aulas remotas. Apenas a rede particular da Macrorregi\u00e3o de Fortaleza ter\u00e1 a oportunidade de retornar com&hellip;<\/p>\n","protected":false},"author":1,"featured_media":18463,"comment_status":"open","ping_status":"open","sticky":false,"template":"","format":"standard","meta":{"footnotes":""},"categories":[1],"tags":[],"class_list":["post-18462","post","type-post","status-publish","format-standard","has-post-thumbnail","hentry","category-noticias"],"_links":{"self":[{"href":"https:\/\/blogdorogeriogomes.com.br\/noticias\/wp-json\/wp\/v2\/posts\/18462","targetHints":{"allow":["GET"]}}],"collection":[{"href":"https:\/\/blogdorogeriogomes.com.br\/noticias\/wp-json\/wp\/v2\/posts"}],"about":[{"href":"https:\/\/blogdorogeriogomes.com.br\/noticias\/wp-json\/wp\/v2\/types\/post"}],"author":[{"embeddable":true,"href":"https:\/\/blogdorogeriogomes.com.br\/noticias\/wp-json\/wp\/v2\/users\/1"}],"replies":[{"embeddable":true,"href":"https:\/\/blogdorogeriogomes.com.br\/noticias\/wp-json\/wp\/v2\/comments?post=18462"}],"version-history":[{"count":1,"href":"https:\/\/blogdorogeriogomes.com.br\/noticias\/wp-json\/wp\/v2\/posts\/18462\/revisions"}],"predecessor-version":[{"id":18464,"href":"https:\/\/blogdorogeriogomes.com.br\/noticias\/wp-json\/wp\/v2\/posts\/18462\/revisions\/18464"}],"wp:featuredmedia":[{"embeddable":true,"href":"https:\/\/blogdorogeriogomes.com.br\/noticias\/wp-json\/wp\/v2\/media\/18463"}],"wp:attachment":[{"href":"https:\/\/blogdorogeriogomes.com.br\/noticias\/wp-json\/wp\/v2\/media?parent=18462"}],"wp:term":[{"taxonomy":"category","embeddable":true,"href":"https:\/\/blogdorogeriogomes.com.br\/noticias\/wp-json\/wp\/v2\/categories?post=18462"},{"taxonomy":"post_tag","embeddable":true,"href":"https:\/\/blogdorogeriogomes.com.br\/noticias\/wp-json\/wp\/v2\/tags?post=18462"}],"curies":[{"name":"wp","href":"https:\/\/api.w.org\/{rel}","templated":true}]}}