{"id":18465,"date":"2020-09-30T09:00:16","date_gmt":"2020-09-30T09:00:16","guid":{"rendered":"https:\/\/blogdorogeriogomes.com.br\/?p=18465"},"modified":"2020-10-01T10:39:58","modified_gmt":"2020-10-01T10:39:58","slug":"campanha-eleitoral-em-fortaleza-comeca-com-tons-de-acirramento-entre-capitao-wagner-do-pros-e-jose-sarro-do-pdt","status":"publish","type":"post","link":"https:\/\/blogdorogeriogomes.com.br\/noticias\/2020\/09\/campanha-eleitoral-em-fortaleza-comeca-com-tons-de-acirramento-entre-capitao-wagner-do-pros-e-jose-sarro-do-pdt\/","title":{"rendered":"Campanha eleitoral em Fortaleza come\u00e7a com tons de acirramento entre Capit\u00e3o Wagner, do Pros, e Jos\u00e9 Sarto, do PDT"},"content":{"rendered":"\n<p>A primeira semana de campanha eleitoral em Fortaleza j\u00e1 ganha tons de acirramento entre Capit\u00e3o Wagner, do Pros, e Jos\u00e9 Sarto, do PDT. O candidato da oposi\u00e7\u00e3o ingressou com 24 a\u00e7\u00f5es contra a campanha de Sarto, todas por descumprimento da legisla\u00e7\u00e3o que rege a difus\u00e3o de propaganda eleitoral. A Justi\u00e7a Eleitoral est\u00e1 analisando os pedidos.<\/p>\n\n\n\n<figure class=\"wp-block-image size-large\"><img loading=\"lazy\" decoding=\"async\" width=\"1024\" height=\"682\" src=\"https:\/\/blogdorogeriogomes.com.br\/wp-content\/uploads\/2020\/09\/RUA-1-2-1024x682.jpg\" alt=\"\" class=\"wp-image-18466\" srcset=\"https:\/\/blogdorogeriogomes.com.br\/noticias\/wp-content\/uploads\/2020\/09\/RUA-1-2-1024x682.jpg 1024w, https:\/\/blogdorogeriogomes.com.br\/noticias\/wp-content\/uploads\/2020\/09\/RUA-1-2-300x200.jpg 300w, https:\/\/blogdorogeriogomes.com.br\/noticias\/wp-content\/uploads\/2020\/09\/RUA-1-2-768x512.jpg 768w, https:\/\/blogdorogeriogomes.com.br\/noticias\/wp-content\/uploads\/2020\/09\/RUA-1-2-800x533.jpg 800w, https:\/\/blogdorogeriogomes.com.br\/noticias\/wp-content\/uploads\/2020\/09\/RUA-1-2.jpg 1280w\" sizes=\"auto, (max-width: 1024px) 100vw, 1024px\" \/><\/figure>\n\n\n\n<p>Enquanto isso, o candidato do PDT \u00e0 Prefeitura de Fortaleza, Jos\u00e9 Sarto, deu continuidade, na noite desta ter\u00e7a-feira, dia 29 de setembro, \u00e0 sua agenda de campanha eleitoral. Ao lado do prefeito Roberto Cl\u00e1udio, o pedetista participou de minicarreata e percorreu as ruas dos bairros Bela Vista e Dem\u00f3crito Rocha, situados, respectivamente, nas Regionais III e IV.<\/p>\n\n\n\n<figure class=\"wp-block-image size-large\"><img loading=\"lazy\" decoding=\"async\" width=\"1024\" height=\"682\" src=\"https:\/\/blogdorogeriogomes.com.br\/wp-content\/uploads\/2020\/09\/IMG-20200929-WA0210-1024x682.jpg\" alt=\"\" class=\"wp-image-18467\" srcset=\"https:\/\/blogdorogeriogomes.com.br\/noticias\/wp-content\/uploads\/2020\/09\/IMG-20200929-WA0210-1024x682.jpg 1024w, https:\/\/blogdorogeriogomes.com.br\/noticias\/wp-content\/uploads\/2020\/09\/IMG-20200929-WA0210-300x200.jpg 300w, https:\/\/blogdorogeriogomes.com.br\/noticias\/wp-content\/uploads\/2020\/09\/IMG-20200929-WA0210-768x512.jpg 768w, https:\/\/blogdorogeriogomes.com.br\/noticias\/wp-content\/uploads\/2020\/09\/IMG-20200929-WA0210-800x533.jpg 800w, https:\/\/blogdorogeriogomes.com.br\/noticias\/wp-content\/uploads\/2020\/09\/IMG-20200929-WA0210.jpg 1280w\" sizes=\"auto, (max-width: 1024px) 100vw, 1024px\" \/><\/figure>\n\n\n\n<p><\/p>\n\n\n\n<p><\/p>\n\n\n\n<p><\/p>\n\n\n\n<p><\/p>\n\n\n\n<p><\/p>\n\n\n\n<p><\/p>\n\n\n\n<p><\/p>\n\n\n\n<p><\/p>\n\n\n\n<p><\/p>\n\n\n\n<p>.<\/p>\n","protected":false},"excerpt":{"rendered":"<p>A primeira semana de campanha eleitoral em Fortaleza j\u00e1 ganha tons de acirramento entre Capit\u00e3o Wagner, do Pros, e Jos\u00e9 Sarto, do PDT. O candidato da oposi\u00e7\u00e3o ingressou com 24 a\u00e7\u00f5es contra a campanha de Sarto, todas por descumprimento da legisla\u00e7\u00e3o que rege a difus\u00e3o de propaganda eleitoral. A Justi\u00e7a Eleitoral est\u00e1 analisando os pedidos. Enquanto isso, o candidato do PDT \u00e0 Prefeitura de Fortaleza, Jos\u00e9 Sarto, deu continuidade, na noite desta ter\u00e7a-feira, dia 29 de setembro, \u00e0 sua&hellip;<\/p>\n","protected":false},"author":1,"featured_media":18466,"comment_status":"open","ping_status":"open","sticky":false,"template":"","format":"standard","meta":{"footnotes":""},"categories":[1],"tags":[],"class_list":["post-18465","post","type-post","status-publish","format-standard","has-post-thumbnail","hentry","category-noticias"],"_links":{"self":[{"href":"https:\/\/blogdorogeriogomes.com.br\/noticias\/wp-json\/wp\/v2\/posts\/18465","targetHints":{"allow":["GET"]}}],"collection":[{"href":"https:\/\/blogdorogeriogomes.com.br\/noticias\/wp-json\/wp\/v2\/posts"}],"about":[{"href":"https:\/\/blogdorogeriogomes.com.br\/noticias\/wp-json\/wp\/v2\/types\/post"}],"author":[{"embeddable":true,"href":"https:\/\/blogdorogeriogomes.com.br\/noticias\/wp-json\/wp\/v2\/users\/1"}],"replies":[{"embeddable":true,"href":"https:\/\/blogdorogeriogomes.com.br\/noticias\/wp-json\/wp\/v2\/comments?post=18465"}],"version-history":[{"count":2,"href":"https:\/\/blogdorogeriogomes.com.br\/noticias\/wp-json\/wp\/v2\/posts\/18465\/revisions"}],"predecessor-version":[{"id":18475,"href":"https:\/\/blogdorogeriogomes.com.br\/noticias\/wp-json\/wp\/v2\/posts\/18465\/revisions\/18475"}],"wp:featuredmedia":[{"embeddable":true,"href":"https:\/\/blogdorogeriogomes.com.br\/noticias\/wp-json\/wp\/v2\/media\/18466"}],"wp:attachment":[{"href":"https:\/\/blogdorogeriogomes.com.br\/noticias\/wp-json\/wp\/v2\/media?parent=18465"}],"wp:term":[{"taxonomy":"category","embeddable":true,"href":"https:\/\/blogdorogeriogomes.com.br\/noticias\/wp-json\/wp\/v2\/categories?post=18465"},{"taxonomy":"post_tag","embeddable":true,"href":"https:\/\/blogdorogeriogomes.com.br\/noticias\/wp-json\/wp\/v2\/tags?post=18465"}],"curies":[{"name":"wp","href":"https:\/\/api.w.org\/{rel}","templated":true}]}}