{"id":18469,"date":"2020-09-30T09:12:42","date_gmt":"2020-09-30T09:12:42","guid":{"rendered":"https:\/\/blogdorogeriogomes.com.br\/?p=18469"},"modified":"2020-10-01T10:39:40","modified_gmt":"2020-10-01T10:39:40","slug":"justica-federal-derruba-decisao-de-salles-que-deixava-sem-protecao-areas-de-manguezais-e-restingas","status":"publish","type":"post","link":"https:\/\/blogdorogeriogomes.com.br\/noticias\/2020\/09\/justica-federal-derruba-decisao-de-salles-que-deixava-sem-protecao-areas-de-manguezais-e-restingas\/","title":{"rendered":"Justi\u00e7a Federal derruba decis\u00e3o de Salles que deixava sem prote\u00e7\u00e3o \u00e1reas de manguezais e restingas"},"content":{"rendered":"\n<p>A Justi\u00e7a Federal do Rio de Janeiro suspendeu nesta ter\u00e7a-feira, dia 29 de setembro, decis\u00f5es do Conselho Nacional do Meio Ambiente (Conama), que havia derrubado na v\u00e9spera normas que garantiam, entre outras barreiras, restri\u00e7\u00f5es ao desmatamento e ocupa\u00e7\u00e3o de \u00e1reas de preserva\u00e7\u00e3o ambiental, como restingas e manguezais. A a\u00e7\u00e3o partiu do presidente do Conama, o atual ministro do Meio Ambiente, Ricardo Salles.<\/p>\n\n\n\n<p>A decis\u00e3o judicial foi tomada pela ju\u00edza federal Maria Almeida Senos de Carvalho em uma a\u00e7\u00e3o popular.<\/p>\n\n\n\n<p>\u201cTendo em vista o evidente risco de danos irrecuper\u00e1veis ao meio ambiente, defiro antecipa\u00e7\u00e3o dos efeitos da tutela para suspender os efeitos da revoga\u00e7\u00e3o apreciada na 135\u00aa Reuni\u00e3o Ordin\u00e1ria do Conama\u201d, determinou a magistrada.<\/p>\n\n\n\n<figure class=\"wp-block-image size-large\"><img loading=\"lazy\" decoding=\"async\" width=\"750\" height=\"500\" src=\"https:\/\/blogdorogeriogomes.com.br\/wp-content\/uploads\/2020\/09\/1_dji_0084-13354985.jpg\" alt=\"\" class=\"wp-image-18470\" srcset=\"https:\/\/blogdorogeriogomes.com.br\/noticias\/wp-content\/uploads\/2020\/09\/1_dji_0084-13354985.jpg 750w, https:\/\/blogdorogeriogomes.com.br\/noticias\/wp-content\/uploads\/2020\/09\/1_dji_0084-13354985-300x200.jpg 300w\" sizes=\"auto, (max-width: 750px) 100vw, 750px\" \/><\/figure>\n","protected":false},"excerpt":{"rendered":"<p>A Justi\u00e7a Federal do Rio de Janeiro suspendeu nesta ter\u00e7a-feira, dia 29 de setembro, decis\u00f5es do Conselho Nacional do Meio Ambiente (Conama), que havia derrubado na v\u00e9spera normas que garantiam, entre outras barreiras, restri\u00e7\u00f5es ao desmatamento e ocupa\u00e7\u00e3o de \u00e1reas de preserva\u00e7\u00e3o ambiental, como restingas e manguezais. A a\u00e7\u00e3o partiu do presidente do Conama, o atual ministro do Meio Ambiente, Ricardo Salles. A decis\u00e3o judicial foi tomada pela ju\u00edza federal Maria Almeida Senos de Carvalho em uma a\u00e7\u00e3o popular.&hellip;<\/p>\n","protected":false},"author":1,"featured_media":18470,"comment_status":"open","ping_status":"open","sticky":false,"template":"","format":"standard","meta":{"footnotes":""},"categories":[1],"tags":[],"class_list":["post-18469","post","type-post","status-publish","format-standard","has-post-thumbnail","hentry","category-noticias"],"_links":{"self":[{"href":"https:\/\/blogdorogeriogomes.com.br\/noticias\/wp-json\/wp\/v2\/posts\/18469","targetHints":{"allow":["GET"]}}],"collection":[{"href":"https:\/\/blogdorogeriogomes.com.br\/noticias\/wp-json\/wp\/v2\/posts"}],"about":[{"href":"https:\/\/blogdorogeriogomes.com.br\/noticias\/wp-json\/wp\/v2\/types\/post"}],"author":[{"embeddable":true,"href":"https:\/\/blogdorogeriogomes.com.br\/noticias\/wp-json\/wp\/v2\/users\/1"}],"replies":[{"embeddable":true,"href":"https:\/\/blogdorogeriogomes.com.br\/noticias\/wp-json\/wp\/v2\/comments?post=18469"}],"version-history":[{"count":1,"href":"https:\/\/blogdorogeriogomes.com.br\/noticias\/wp-json\/wp\/v2\/posts\/18469\/revisions"}],"predecessor-version":[{"id":18471,"href":"https:\/\/blogdorogeriogomes.com.br\/noticias\/wp-json\/wp\/v2\/posts\/18469\/revisions\/18471"}],"wp:featuredmedia":[{"embeddable":true,"href":"https:\/\/blogdorogeriogomes.com.br\/noticias\/wp-json\/wp\/v2\/media\/18470"}],"wp:attachment":[{"href":"https:\/\/blogdorogeriogomes.com.br\/noticias\/wp-json\/wp\/v2\/media?parent=18469"}],"wp:term":[{"taxonomy":"category","embeddable":true,"href":"https:\/\/blogdorogeriogomes.com.br\/noticias\/wp-json\/wp\/v2\/categories?post=18469"},{"taxonomy":"post_tag","embeddable":true,"href":"https:\/\/blogdorogeriogomes.com.br\/noticias\/wp-json\/wp\/v2\/tags?post=18469"}],"curies":[{"name":"wp","href":"https:\/\/api.w.org\/{rel}","templated":true}]}}