{"id":18472,"date":"2020-09-30T09:23:30","date_gmt":"2020-09-30T09:23:30","guid":{"rendered":"https:\/\/blogdorogeriogomes.com.br\/?p=18472"},"modified":"2020-10-01T10:38:52","modified_gmt":"2020-10-01T10:38:52","slug":"cerca-de-85-milhoes-de-pessoas-vao-deixar-de-receber-as-ultimas-parcelas-do-auxilio-emergencial","status":"publish","type":"post","link":"https:\/\/blogdorogeriogomes.com.br\/noticias\/2020\/09\/cerca-de-85-milhoes-de-pessoas-vao-deixar-de-receber-as-ultimas-parcelas-do-auxilio-emergencial\/","title":{"rendered":"Cerca de 8,5 milh\u00f5es de pessoas v\u00e3o deixar de receber as \u00faltimas parcelas do aux\u00edlio emergencial"},"content":{"rendered":"\n<p>Prorrogado at\u00e9 o fim do ano com menor valor, o&nbsp;aux\u00edlio emergencial&nbsp;residual de R$ 300 deixar\u00e1 de ser pago a cerca de 8,5 milh\u00f5es de pessoas que tiveram acesso \u00e0 primeira fase do benef\u00edcio. S\u00e3o 2,9 milh\u00f5es que voltar\u00e3o a receber o Bolsa Fam\u00edlia e outras 5,7 milh\u00f5es que ficaram de fora da base de benefici\u00e1rio por conta de regras mais r\u00edgidas da nova fase. A partir desta quarta-feira, dia 30 de setembro, 27 milh\u00f5es de brasileiros come\u00e7am a receber o novo valor.<\/p>\n\n\n\n<p>O corte de quem passou pelo pente-fino das novas regras do aux\u00edlio deve-se ao processo de evolu\u00e7\u00e3o do benef\u00edcio,&nbsp;mas que certamente ser\u00e1 motivo de muita reclama\u00e7\u00e3o entre os que n\u00e3o forem contemplados.<\/p>\n\n\n\n<figure class=\"wp-block-image size-large\"><img loading=\"lazy\" decoding=\"async\" width=\"750\" height=\"500\" src=\"https:\/\/blogdorogeriogomes.com.br\/wp-content\/uploads\/2020\/09\/1_280520_aplicativo_caixa_tem3274-13175858.jpg\" alt=\"\" class=\"wp-image-18473\" srcset=\"https:\/\/blogdorogeriogomes.com.br\/noticias\/wp-content\/uploads\/2020\/09\/1_280520_aplicativo_caixa_tem3274-13175858.jpg 750w, https:\/\/blogdorogeriogomes.com.br\/noticias\/wp-content\/uploads\/2020\/09\/1_280520_aplicativo_caixa_tem3274-13175858-300x200.jpg 300w\" sizes=\"auto, (max-width: 750px) 100vw, 750px\" \/><\/figure>\n","protected":false},"excerpt":{"rendered":"<p>Prorrogado at\u00e9 o fim do ano com menor valor, o&nbsp;aux\u00edlio emergencial&nbsp;residual de R$ 300 deixar\u00e1 de ser pago a cerca de 8,5 milh\u00f5es de pessoas que tiveram acesso \u00e0 primeira fase do benef\u00edcio. S\u00e3o 2,9 milh\u00f5es que voltar\u00e3o a receber o Bolsa Fam\u00edlia e outras 5,7 milh\u00f5es que ficaram de fora da base de benefici\u00e1rio por conta de regras mais r\u00edgidas da nova fase. A partir desta quarta-feira, dia 30 de setembro, 27 milh\u00f5es de brasileiros come\u00e7am a receber&hellip;<\/p>\n","protected":false},"author":1,"featured_media":18473,"comment_status":"open","ping_status":"open","sticky":false,"template":"","format":"standard","meta":{"footnotes":""},"categories":[1],"tags":[],"class_list":["post-18472","post","type-post","status-publish","format-standard","has-post-thumbnail","hentry","category-noticias"],"_links":{"self":[{"href":"https:\/\/blogdorogeriogomes.com.br\/noticias\/wp-json\/wp\/v2\/posts\/18472","targetHints":{"allow":["GET"]}}],"collection":[{"href":"https:\/\/blogdorogeriogomes.com.br\/noticias\/wp-json\/wp\/v2\/posts"}],"about":[{"href":"https:\/\/blogdorogeriogomes.com.br\/noticias\/wp-json\/wp\/v2\/types\/post"}],"author":[{"embeddable":true,"href":"https:\/\/blogdorogeriogomes.com.br\/noticias\/wp-json\/wp\/v2\/users\/1"}],"replies":[{"embeddable":true,"href":"https:\/\/blogdorogeriogomes.com.br\/noticias\/wp-json\/wp\/v2\/comments?post=18472"}],"version-history":[{"count":2,"href":"https:\/\/blogdorogeriogomes.com.br\/noticias\/wp-json\/wp\/v2\/posts\/18472\/revisions"}],"predecessor-version":[{"id":18495,"href":"https:\/\/blogdorogeriogomes.com.br\/noticias\/wp-json\/wp\/v2\/posts\/18472\/revisions\/18495"}],"wp:featuredmedia":[{"embeddable":true,"href":"https:\/\/blogdorogeriogomes.com.br\/noticias\/wp-json\/wp\/v2\/media\/18473"}],"wp:attachment":[{"href":"https:\/\/blogdorogeriogomes.com.br\/noticias\/wp-json\/wp\/v2\/media?parent=18472"}],"wp:term":[{"taxonomy":"category","embeddable":true,"href":"https:\/\/blogdorogeriogomes.com.br\/noticias\/wp-json\/wp\/v2\/categories?post=18472"},{"taxonomy":"post_tag","embeddable":true,"href":"https:\/\/blogdorogeriogomes.com.br\/noticias\/wp-json\/wp\/v2\/tags?post=18472"}],"curies":[{"name":"wp","href":"https:\/\/api.w.org\/{rel}","templated":true}]}}