{"id":18476,"date":"2020-09-30T15:09:45","date_gmt":"2020-09-30T15:09:45","guid":{"rendered":"https:\/\/blogdorogeriogomes.com.br\/?p=18476"},"modified":"2020-10-01T10:38:05","modified_gmt":"2020-10-01T10:38:05","slug":"com-vereadores-em-campanha-pauta-eleitoral-toma-conta-das-discussoes-na-camara-municipal-de-fortaleza","status":"publish","type":"post","link":"https:\/\/blogdorogeriogomes.com.br\/noticias\/2020\/09\/com-vereadores-em-campanha-pauta-eleitoral-toma-conta-das-discussoes-na-camara-municipal-de-fortaleza\/","title":{"rendered":"Com vereadores em campanha, pauta eleitoral toma conta das discuss\u00f5es na C\u00e2mara Municipal de Fortaleza"},"content":{"rendered":"\n<p>Desde as v\u00e9speras do in\u00edcio oficial das elei\u00e7\u00f5es municipais, os vereadores de Fortaleza tem voltado as suas participa\u00e7\u00f5es no plen\u00e1rio da C\u00e2mara Municipal para refor\u00e7ar pautas da campanha eleitoral. Enquanto a base do prefeito Roberto Cl\u00e1udio busca destacar os feitos da gest\u00e3o municipal ao longo do \u00faltimos oito anos, a oposi\u00e7\u00e3o sobe o tom nas investidas cr\u00edticas voltadas ao chefe executivo.<\/p>\n\n\n\n<p>Do atual grupo de 43 parlamentares, apenas dois n\u00e3o tentar\u00e3o reelei\u00e7\u00e3o neste ano: os vereadores M\u00e1rcio Cruz (PSD) e Lib\u00e2nia (PL). Todos os outros 41 est\u00e3o ativamente em atividades da corrida eleitoral para renovar por mais quatro anos a perman\u00eancia na Casa Legislativa.<\/p>\n\n\n\n<p>Atual presidente da CMFOR, Ant\u00f4nio Henrique (PDT) tem destacado a import\u00e2ncia de todos os vereadores manterem a assiduidade nas discuss\u00f5es das sess\u00f5es ordin\u00e1rias, que ocorrem neste momento apenas uma vez por semana. Entre projetos, relatorias e requerimentos, as representa\u00e7\u00f5es partid\u00e1rias tem comparecido e demarcado territ\u00f3rio em meio ao pleito em curso na capital cearense.<\/p>\n\n\n\n<figure class=\"wp-block-image size-large\"><img loading=\"lazy\" decoding=\"async\" width=\"1024\" height=\"631\" src=\"https:\/\/blogdorogeriogomes.com.br\/wp-content\/uploads\/2020\/09\/ASM_1727-scaled2-1024x631.jpg\" alt=\"\" class=\"wp-image-18479\" srcset=\"https:\/\/blogdorogeriogomes.com.br\/noticias\/wp-content\/uploads\/2020\/09\/ASM_1727-scaled2-1024x631.jpg 1024w, https:\/\/blogdorogeriogomes.com.br\/noticias\/wp-content\/uploads\/2020\/09\/ASM_1727-scaled2-300x185.jpg 300w, https:\/\/blogdorogeriogomes.com.br\/noticias\/wp-content\/uploads\/2020\/09\/ASM_1727-scaled2-768x473.jpg 768w, https:\/\/blogdorogeriogomes.com.br\/noticias\/wp-content\/uploads\/2020\/09\/ASM_1727-scaled2-1536x947.jpg 1536w, https:\/\/blogdorogeriogomes.com.br\/noticias\/wp-content\/uploads\/2020\/09\/ASM_1727-scaled2-800x493.jpg 800w, https:\/\/blogdorogeriogomes.com.br\/noticias\/wp-content\/uploads\/2020\/09\/ASM_1727-scaled2.jpg 2005w\" sizes=\"auto, (max-width: 1024px) 100vw, 1024px\" \/><\/figure>\n","protected":false},"excerpt":{"rendered":"<p>Desde as v\u00e9speras do in\u00edcio oficial das elei\u00e7\u00f5es municipais, os vereadores de Fortaleza tem voltado as suas participa\u00e7\u00f5es no plen\u00e1rio da C\u00e2mara Municipal para refor\u00e7ar pautas da campanha eleitoral. Enquanto a base do prefeito Roberto Cl\u00e1udio busca destacar os feitos da gest\u00e3o municipal ao longo do \u00faltimos oito anos, a oposi\u00e7\u00e3o sobe o tom nas investidas cr\u00edticas voltadas ao chefe executivo. Do atual grupo de 43 parlamentares, apenas dois n\u00e3o tentar\u00e3o reelei\u00e7\u00e3o neste ano: os vereadores M\u00e1rcio Cruz (PSD)&hellip;<\/p>\n","protected":false},"author":1,"featured_media":18479,"comment_status":"open","ping_status":"open","sticky":false,"template":"","format":"standard","meta":{"footnotes":""},"categories":[1],"tags":[],"class_list":["post-18476","post","type-post","status-publish","format-standard","has-post-thumbnail","hentry","category-noticias"],"_links":{"self":[{"href":"https:\/\/blogdorogeriogomes.com.br\/noticias\/wp-json\/wp\/v2\/posts\/18476","targetHints":{"allow":["GET"]}}],"collection":[{"href":"https:\/\/blogdorogeriogomes.com.br\/noticias\/wp-json\/wp\/v2\/posts"}],"about":[{"href":"https:\/\/blogdorogeriogomes.com.br\/noticias\/wp-json\/wp\/v2\/types\/post"}],"author":[{"embeddable":true,"href":"https:\/\/blogdorogeriogomes.com.br\/noticias\/wp-json\/wp\/v2\/users\/1"}],"replies":[{"embeddable":true,"href":"https:\/\/blogdorogeriogomes.com.br\/noticias\/wp-json\/wp\/v2\/comments?post=18476"}],"version-history":[{"count":1,"href":"https:\/\/blogdorogeriogomes.com.br\/noticias\/wp-json\/wp\/v2\/posts\/18476\/revisions"}],"predecessor-version":[{"id":18480,"href":"https:\/\/blogdorogeriogomes.com.br\/noticias\/wp-json\/wp\/v2\/posts\/18476\/revisions\/18480"}],"wp:featuredmedia":[{"embeddable":true,"href":"https:\/\/blogdorogeriogomes.com.br\/noticias\/wp-json\/wp\/v2\/media\/18479"}],"wp:attachment":[{"href":"https:\/\/blogdorogeriogomes.com.br\/noticias\/wp-json\/wp\/v2\/media?parent=18476"}],"wp:term":[{"taxonomy":"category","embeddable":true,"href":"https:\/\/blogdorogeriogomes.com.br\/noticias\/wp-json\/wp\/v2\/categories?post=18476"},{"taxonomy":"post_tag","embeddable":true,"href":"https:\/\/blogdorogeriogomes.com.br\/noticias\/wp-json\/wp\/v2\/tags?post=18476"}],"curies":[{"name":"wp","href":"https:\/\/api.w.org\/{rel}","templated":true}]}}