{"id":18481,"date":"2020-09-30T18:45:38","date_gmt":"2020-09-30T18:45:38","guid":{"rendered":"https:\/\/blogdorogeriogomes.com.br\/?p=18481"},"modified":"2020-10-01T10:37:54","modified_gmt":"2020-10-01T10:37:54","slug":"prefeitura-de-fortaleza-confirma-que-escolas-municipais-nao-terao-aula-presencial-em-2020","status":"publish","type":"post","link":"https:\/\/blogdorogeriogomes.com.br\/noticias\/2020\/09\/prefeitura-de-fortaleza-confirma-que-escolas-municipais-nao-terao-aula-presencial-em-2020\/","title":{"rendered":"Prefeitura de Fortaleza confirma que escolas municipais n\u00e3o ter\u00e3o aula presencial em 2020"},"content":{"rendered":"\n<p>As escolas p\u00fablicas municipais n\u00e3o ter\u00e3o mais aula presencial neste ano. Em coletiva realizada na tarde desta quarta-feira, dia 30 de setembro, o prefeito de Fortaleza, Roberto Cl\u00e1udio, divulgou a decis\u00e3o de continuidade das aulas remotas na rede municipal de ensino at\u00e9 o final de 2020. A Prefeitura tem como justificativa a necessidade de garantir a seguran\u00e7a sanit\u00e1ria de toda a comunidade escolar, neste momento de pandemia do coronav\u00edrus.<\/p>\n\n\n\n<p>Roberto Cl\u00e1udio garantiu que a Secretaria Municipal da Educa\u00e7\u00e3o (SME) seguir\u00e1 desenvolvendo um conjunto de a\u00e7\u00f5es estrat\u00e9gicas, iniciadas desde o \u00faltimo dia 20 de mar\u00e7o, quando foram suspensas as aulas presenciais.<\/p>\n\n\n\n<p>At\u00e9 o fim do semestre letivo, cada aluno e professor das unidades do Munic\u00edpio receber\u00e1 um chip pr\u00e9-pago com o pacote de 20gb por m\u00eas, fornecido pela SME. Aos alunos do 9\u00ba ano do Ensino Fundamental e da Educa\u00e7\u00e3o de Jovens e Adultos (EJA), tamb\u00e9m ser\u00e3o entregues tablets.<\/p>\n\n\n\n<p>Realizada desde mar\u00e7o, a distribui\u00e7\u00e3o dos kits alimentares pela SME continua durante todo o per\u00edodo de ensino remoto, obedecendo cronograma e log\u00edstica junto a cada unidade. A dire\u00e7\u00e3o de cada escola deve entrar em contato com as fam\u00edlias para informar quando os alimentos estar\u00e3o dispon\u00edveis para a retirada, com medidas de seguran\u00e7a sanit\u00e1ria e higiene tomadas no processo de entrega.<\/p>\n\n\n\n<figure class=\"wp-block-image size-large\"><img loading=\"lazy\" decoding=\"async\" width=\"1024\" height=\"768\" src=\"https:\/\/blogdorogeriogomes.com.br\/wp-content\/uploads\/2020\/09\/IMG-20200930-WA0088-1024x768.jpg\" alt=\"\" class=\"wp-image-18482\" srcset=\"https:\/\/blogdorogeriogomes.com.br\/noticias\/wp-content\/uploads\/2020\/09\/IMG-20200930-WA0088-1024x768.jpg 1024w, https:\/\/blogdorogeriogomes.com.br\/noticias\/wp-content\/uploads\/2020\/09\/IMG-20200930-WA0088-300x225.jpg 300w, https:\/\/blogdorogeriogomes.com.br\/noticias\/wp-content\/uploads\/2020\/09\/IMG-20200930-WA0088-768x576.jpg 768w, https:\/\/blogdorogeriogomes.com.br\/noticias\/wp-content\/uploads\/2020\/09\/IMG-20200930-WA0088-800x600.jpg 800w, https:\/\/blogdorogeriogomes.com.br\/noticias\/wp-content\/uploads\/2020\/09\/IMG-20200930-WA0088-400x300.jpg 400w, https:\/\/blogdorogeriogomes.com.br\/noticias\/wp-content\/uploads\/2020\/09\/IMG-20200930-WA0088.jpg 1280w\" sizes=\"auto, (max-width: 1024px) 100vw, 1024px\" \/><\/figure>\n","protected":false},"excerpt":{"rendered":"<p>As escolas p\u00fablicas municipais n\u00e3o ter\u00e3o mais aula presencial neste ano. Em coletiva realizada na tarde desta quarta-feira, dia 30 de setembro, o prefeito de Fortaleza, Roberto Cl\u00e1udio, divulgou a decis\u00e3o de continuidade das aulas remotas na rede municipal de ensino at\u00e9 o final de 2020. A Prefeitura tem como justificativa a necessidade de garantir a seguran\u00e7a sanit\u00e1ria de toda a comunidade escolar, neste momento de pandemia do coronav\u00edrus. Roberto Cl\u00e1udio garantiu que a Secretaria Municipal da Educa\u00e7\u00e3o (SME)&hellip;<\/p>\n","protected":false},"author":1,"featured_media":18482,"comment_status":"open","ping_status":"open","sticky":false,"template":"","format":"standard","meta":{"footnotes":""},"categories":[1],"tags":[],"class_list":["post-18481","post","type-post","status-publish","format-standard","has-post-thumbnail","hentry","category-noticias"],"_links":{"self":[{"href":"https:\/\/blogdorogeriogomes.com.br\/noticias\/wp-json\/wp\/v2\/posts\/18481","targetHints":{"allow":["GET"]}}],"collection":[{"href":"https:\/\/blogdorogeriogomes.com.br\/noticias\/wp-json\/wp\/v2\/posts"}],"about":[{"href":"https:\/\/blogdorogeriogomes.com.br\/noticias\/wp-json\/wp\/v2\/types\/post"}],"author":[{"embeddable":true,"href":"https:\/\/blogdorogeriogomes.com.br\/noticias\/wp-json\/wp\/v2\/users\/1"}],"replies":[{"embeddable":true,"href":"https:\/\/blogdorogeriogomes.com.br\/noticias\/wp-json\/wp\/v2\/comments?post=18481"}],"version-history":[{"count":1,"href":"https:\/\/blogdorogeriogomes.com.br\/noticias\/wp-json\/wp\/v2\/posts\/18481\/revisions"}],"predecessor-version":[{"id":18483,"href":"https:\/\/blogdorogeriogomes.com.br\/noticias\/wp-json\/wp\/v2\/posts\/18481\/revisions\/18483"}],"wp:featuredmedia":[{"embeddable":true,"href":"https:\/\/blogdorogeriogomes.com.br\/noticias\/wp-json\/wp\/v2\/media\/18482"}],"wp:attachment":[{"href":"https:\/\/blogdorogeriogomes.com.br\/noticias\/wp-json\/wp\/v2\/media?parent=18481"}],"wp:term":[{"taxonomy":"category","embeddable":true,"href":"https:\/\/blogdorogeriogomes.com.br\/noticias\/wp-json\/wp\/v2\/categories?post=18481"},{"taxonomy":"post_tag","embeddable":true,"href":"https:\/\/blogdorogeriogomes.com.br\/noticias\/wp-json\/wp\/v2\/tags?post=18481"}],"curies":[{"name":"wp","href":"https:\/\/api.w.org\/{rel}","templated":true}]}}