{"id":18484,"date":"2020-09-30T22:53:25","date_gmt":"2020-09-30T22:53:25","guid":{"rendered":"https:\/\/blogdorogeriogomes.com.br\/?p=18484"},"modified":"2020-10-01T10:37:29","modified_gmt":"2020-10-01T10:37:29","slug":"brasil-volta-a-registrar-mais-mil-mortes-por-covid-19-em-um-so-dia-apos-duas-semanas","status":"publish","type":"post","link":"https:\/\/blogdorogeriogomes.com.br\/noticias\/2020\/09\/brasil-volta-a-registrar-mais-mil-mortes-por-covid-19-em-um-so-dia-apos-duas-semanas\/","title":{"rendered":"Brasil volta a registrar mais mil mortes por Covid-19 em um s\u00f3 dia, ap\u00f3s duas semanas"},"content":{"rendered":"\n<p>O Brasil voltou a registrar mais de mil mortes por dia pelo coronav\u00edrus. Ap\u00f3s duas semanas, o Brasil voltou a registrar mais de mil \u00f3bitos pela Covid-19 em 24 horas. Foram confirmadas 1.031 mortes em decorr\u00eancia do coronav\u00edrus, totalizando 143.952 \u00f3bitos desde o in\u00edcio da pandemia.<\/p>\n\n\n\n<p>As informa\u00e7\u00f5es, divulgadas pelo Minist\u00e9rio da Sa\u00fade na noite desta quarta-feira, dia 30 de setembro, apontam 33.413 novos diagn\u00f3sticos da doen\u00e7a, com 4.810.935 casos confirmados no pa\u00eds. A \u00faltima vez que a pasta registrou quantidade di\u00e1ria de \u00f3bitos superior a mil foi em 15 de setembro, com 1.113 mortes.<\/p>\n\n\n\n<figure class=\"wp-block-image size-large\"><img loading=\"lazy\" decoding=\"async\" width=\"678\" height=\"452\" src=\"https:\/\/blogdorogeriogomes.com.br\/wp-content\/uploads\/2020\/09\/images-4-4.jpeg\" alt=\"\" class=\"wp-image-18485\" srcset=\"https:\/\/blogdorogeriogomes.com.br\/noticias\/wp-content\/uploads\/2020\/09\/images-4-4.jpeg 678w, https:\/\/blogdorogeriogomes.com.br\/noticias\/wp-content\/uploads\/2020\/09\/images-4-4-300x200.jpeg 300w\" sizes=\"auto, (max-width: 678px) 100vw, 678px\" \/><\/figure>\n","protected":false},"excerpt":{"rendered":"<p>O Brasil voltou a registrar mais de mil mortes por dia pelo coronav\u00edrus. Ap\u00f3s duas semanas, o Brasil voltou a registrar mais de mil \u00f3bitos pela Covid-19 em 24 horas. Foram confirmadas 1.031 mortes em decorr\u00eancia do coronav\u00edrus, totalizando 143.952 \u00f3bitos desde o in\u00edcio da pandemia. As informa\u00e7\u00f5es, divulgadas pelo Minist\u00e9rio da Sa\u00fade na noite desta quarta-feira, dia 30 de setembro, apontam 33.413 novos diagn\u00f3sticos da doen\u00e7a, com 4.810.935 casos confirmados no pa\u00eds. A \u00faltima vez que a pasta&hellip;<\/p>\n","protected":false},"author":1,"featured_media":18485,"comment_status":"open","ping_status":"open","sticky":false,"template":"","format":"standard","meta":{"footnotes":""},"categories":[1],"tags":[],"class_list":["post-18484","post","type-post","status-publish","format-standard","has-post-thumbnail","hentry","category-noticias"],"_links":{"self":[{"href":"https:\/\/blogdorogeriogomes.com.br\/noticias\/wp-json\/wp\/v2\/posts\/18484","targetHints":{"allow":["GET"]}}],"collection":[{"href":"https:\/\/blogdorogeriogomes.com.br\/noticias\/wp-json\/wp\/v2\/posts"}],"about":[{"href":"https:\/\/blogdorogeriogomes.com.br\/noticias\/wp-json\/wp\/v2\/types\/post"}],"author":[{"embeddable":true,"href":"https:\/\/blogdorogeriogomes.com.br\/noticias\/wp-json\/wp\/v2\/users\/1"}],"replies":[{"embeddable":true,"href":"https:\/\/blogdorogeriogomes.com.br\/noticias\/wp-json\/wp\/v2\/comments?post=18484"}],"version-history":[{"count":1,"href":"https:\/\/blogdorogeriogomes.com.br\/noticias\/wp-json\/wp\/v2\/posts\/18484\/revisions"}],"predecessor-version":[{"id":18486,"href":"https:\/\/blogdorogeriogomes.com.br\/noticias\/wp-json\/wp\/v2\/posts\/18484\/revisions\/18486"}],"wp:featuredmedia":[{"embeddable":true,"href":"https:\/\/blogdorogeriogomes.com.br\/noticias\/wp-json\/wp\/v2\/media\/18485"}],"wp:attachment":[{"href":"https:\/\/blogdorogeriogomes.com.br\/noticias\/wp-json\/wp\/v2\/media?parent=18484"}],"wp:term":[{"taxonomy":"category","embeddable":true,"href":"https:\/\/blogdorogeriogomes.com.br\/noticias\/wp-json\/wp\/v2\/categories?post=18484"},{"taxonomy":"post_tag","embeddable":true,"href":"https:\/\/blogdorogeriogomes.com.br\/noticias\/wp-json\/wp\/v2\/tags?post=18484"}],"curies":[{"name":"wp","href":"https:\/\/api.w.org\/{rel}","templated":true}]}}