{"id":18487,"date":"2020-10-01T09:55:50","date_gmt":"2020-10-01T09:55:50","guid":{"rendered":"https:\/\/blogdorogeriogomes.com.br\/?p=18487"},"modified":"2020-10-01T10:37:00","modified_gmt":"2020-10-01T10:37:00","slug":"governo-e-prefeitura-entregam-a-areninha-de-numero-59-e-mais-dois-ecopontos-em-fortaleza","status":"publish","type":"post","link":"https:\/\/blogdorogeriogomes.com.br\/noticias\/2020\/10\/governo-e-prefeitura-entregam-a-areninha-de-numero-59-e-mais-dois-ecopontos-em-fortaleza\/","title":{"rendered":"Governo e Prefeitura entregam a areninha de n\u00famero 59 e mais dois ecopontos em Fortaleza"},"content":{"rendered":"\n<p>O prefeito Roberto Cl\u00e1udio e o governador Camilo Santana inauguraram, nesta quarta-feira, dia 30 de setembro, a Areninha Campo do Tigr\u00e3o. Com a entrega, Fortaleza passa a contar com 59 equipamentos de esporte e lazer do tipo. A obra est\u00e1 inclu\u00edda no Projeto Juntos por Fortaleza, parceria entre a Prefeitura e o Governo do Estado, que visa otimizar o recurso p\u00fablico em investimentos para valorizar a conviv\u00eancia social e a forma\u00e7\u00e3o cidad\u00e3.<\/p>\n\n\n\n<p>Nesta quinta-feira, dia 1\u00b0 de outubro, a Prefeitura entrega mais dois novos Ecopontos na cidade, implantados nas proximidades da Lagoa do Urubu, atendendo os bairros Floresta e Presidente Kennedy (Regional I). Com a iniciativa, Fortaleza passa a contar com 72 Ecopontos, atendendo todas as Regionais.&nbsp;<\/p>\n\n\n\n<p>Os novos equipamentos v\u00e3o oferecer os benef\u00edcios dos programas Recicla Fortaleza e E-Carroceiro, que bonificam a popula\u00e7\u00e3o pela troca de res\u00edduos recicl\u00e1veis, entulhos de constru\u00e7\u00e3o, restos de poda e m\u00f3veis velhos.<\/p>\n\n\n\n<figure class=\"wp-block-image size-large\"><img loading=\"lazy\" decoding=\"async\" width=\"1024\" height=\"602\" src=\"https:\/\/blogdorogeriogomes.com.br\/wp-content\/uploads\/2020\/10\/IMG-20200930-WA0152-1024x602.jpg\" alt=\"\" class=\"wp-image-18488\" srcset=\"https:\/\/blogdorogeriogomes.com.br\/noticias\/wp-content\/uploads\/2020\/10\/IMG-20200930-WA0152-1024x602.jpg 1024w, https:\/\/blogdorogeriogomes.com.br\/noticias\/wp-content\/uploads\/2020\/10\/IMG-20200930-WA0152-300x176.jpg 300w, https:\/\/blogdorogeriogomes.com.br\/noticias\/wp-content\/uploads\/2020\/10\/IMG-20200930-WA0152-768x451.jpg 768w, https:\/\/blogdorogeriogomes.com.br\/noticias\/wp-content\/uploads\/2020\/10\/IMG-20200930-WA0152-800x470.jpg 800w, https:\/\/blogdorogeriogomes.com.br\/noticias\/wp-content\/uploads\/2020\/10\/IMG-20200930-WA0152.jpg 1280w\" sizes=\"auto, (max-width: 1024px) 100vw, 1024px\" \/><\/figure>\n\n\n\n<p><\/p>\n\n\n\n<p><\/p>\n\n\n\n<p><\/p>\n\n\n\n<p><\/p>\n\n\n\n<p><\/p>\n\n\n\n<p><\/p>\n\n\n\n<p><\/p>\n","protected":false},"excerpt":{"rendered":"<p>O prefeito Roberto Cl\u00e1udio e o governador Camilo Santana inauguraram, nesta quarta-feira, dia 30 de setembro, a Areninha Campo do Tigr\u00e3o. Com a entrega, Fortaleza passa a contar com 59 equipamentos de esporte e lazer do tipo. A obra est\u00e1 inclu\u00edda no Projeto Juntos por Fortaleza, parceria entre a Prefeitura e o Governo do Estado, que visa otimizar o recurso p\u00fablico em investimentos para valorizar a conviv\u00eancia social e a forma\u00e7\u00e3o cidad\u00e3. Nesta quinta-feira, dia 1\u00b0 de outubro, a&hellip;<\/p>\n","protected":false},"author":1,"featured_media":18488,"comment_status":"open","ping_status":"open","sticky":false,"template":"","format":"standard","meta":{"footnotes":""},"categories":[1],"tags":[],"class_list":["post-18487","post","type-post","status-publish","format-standard","has-post-thumbnail","hentry","category-noticias"],"_links":{"self":[{"href":"https:\/\/blogdorogeriogomes.com.br\/noticias\/wp-json\/wp\/v2\/posts\/18487","targetHints":{"allow":["GET"]}}],"collection":[{"href":"https:\/\/blogdorogeriogomes.com.br\/noticias\/wp-json\/wp\/v2\/posts"}],"about":[{"href":"https:\/\/blogdorogeriogomes.com.br\/noticias\/wp-json\/wp\/v2\/types\/post"}],"author":[{"embeddable":true,"href":"https:\/\/blogdorogeriogomes.com.br\/noticias\/wp-json\/wp\/v2\/users\/1"}],"replies":[{"embeddable":true,"href":"https:\/\/blogdorogeriogomes.com.br\/noticias\/wp-json\/wp\/v2\/comments?post=18487"}],"version-history":[{"count":2,"href":"https:\/\/blogdorogeriogomes.com.br\/noticias\/wp-json\/wp\/v2\/posts\/18487\/revisions"}],"predecessor-version":[{"id":18494,"href":"https:\/\/blogdorogeriogomes.com.br\/noticias\/wp-json\/wp\/v2\/posts\/18487\/revisions\/18494"}],"wp:featuredmedia":[{"embeddable":true,"href":"https:\/\/blogdorogeriogomes.com.br\/noticias\/wp-json\/wp\/v2\/media\/18488"}],"wp:attachment":[{"href":"https:\/\/blogdorogeriogomes.com.br\/noticias\/wp-json\/wp\/v2\/media?parent=18487"}],"wp:term":[{"taxonomy":"category","embeddable":true,"href":"https:\/\/blogdorogeriogomes.com.br\/noticias\/wp-json\/wp\/v2\/categories?post=18487"},{"taxonomy":"post_tag","embeddable":true,"href":"https:\/\/blogdorogeriogomes.com.br\/noticias\/wp-json\/wp\/v2\/tags?post=18487"}],"curies":[{"name":"wp","href":"https:\/\/api.w.org\/{rel}","templated":true}]}}