{"id":18490,"date":"2020-10-01T10:06:45","date_gmt":"2020-10-01T10:06:45","guid":{"rendered":"https:\/\/blogdorogeriogomes.com.br\/?p=18490"},"modified":"2020-10-01T10:36:48","modified_gmt":"2020-10-01T10:36:48","slug":"liberacao-total-do-novo-viaduto-do-makro-em-fortaleza-acontece-nesta-sexta-feira","status":"publish","type":"post","link":"https:\/\/blogdorogeriogomes.com.br\/noticias\/2020\/10\/liberacao-total-do-novo-viaduto-do-makro-em-fortaleza-acontece-nesta-sexta-feira\/","title":{"rendered":"Libera\u00e7\u00e3o total do novo viaduto do Makro, em Fortaleza, acontece nesta sexta-feira"},"content":{"rendered":"\n<p>A Prefeitura de Fortaleza realiza a libera\u00e7\u00e3o total do tr\u00e1fego da Avenida Alberto Craveiro, nesta sexta-feira, dia 2 de outubro. Com a finaliza\u00e7\u00e3o das obras de alargamento da via e constru\u00e7\u00e3o do novo viaduto do Makro, constru\u00eddo sobre a BR-116, os motoristas que trafegam pelo local j\u00e1 dever\u00e3o notar maior fluidez no tr\u00e2nsito, que volta a ter sua configura\u00e7\u00e3o original com a libera\u00e7\u00e3o da via e de todas as al\u00e7as de retorno, antes bloqueadas para permitir a finaliza\u00e7\u00e3o dos servi\u00e7os.<\/p>\n\n\n\n<p>As interven\u00e7\u00f5es, que totalizam 1,6 quil\u00f4metros de extens\u00e3o, v\u00e3o permitir mais mobilidade naquele trecho, tido como um dos gargalos mais cr\u00edticos da cidade. Com investimento de R$ 20 milh\u00f5es, a nova configura\u00e7\u00e3o do viaduto e da avenida v\u00e3o beneficiar cerca de 41 mil condutores que trafegam diariamente pela avenida.<\/p>\n\n\n\n<p>A duplica\u00e7\u00e3o do viaduto da Av. Alberto Craveiro ampliou o sistema vi\u00e1rio do equipamento que antes tinha apenas duas faixas de tr\u00e1fego por sentido. Com as obras, o viaduto passou a contar com oito faixas de tr\u00e1fego, sendo quatro por sentido, al\u00e9m de ciclofaixa bidirecional e nova ilumina\u00e7\u00e3o.&nbsp;<\/p>\n\n\n\n<p>Agora, o mais importante cruzamento da regi\u00e3o, que liga as avenidas Raul Barbosa, Alberto Craveiro e a BR-116, tem mais agilidade no tr\u00e1fego de ve\u00edculos que seguem em dire\u00e7\u00e3o ao Aeroporto de Fortaleza e a Arena Castel\u00e3o.&nbsp;<\/p>\n\n\n\n<figure class=\"wp-block-image size-large\"><img loading=\"lazy\" decoding=\"async\" width=\"739\" height=\"415\" src=\"https:\/\/blogdorogeriogomes.com.br\/wp-content\/uploads\/2020\/10\/images-5.jpeg\" alt=\"\" class=\"wp-image-18491\" srcset=\"https:\/\/blogdorogeriogomes.com.br\/noticias\/wp-content\/uploads\/2020\/10\/images-5.jpeg 739w, https:\/\/blogdorogeriogomes.com.br\/noticias\/wp-content\/uploads\/2020\/10\/images-5-300x168.jpeg 300w\" sizes=\"auto, (max-width: 739px) 100vw, 739px\" \/><\/figure>\n","protected":false},"excerpt":{"rendered":"<p>A Prefeitura de Fortaleza realiza a libera\u00e7\u00e3o total do tr\u00e1fego da Avenida Alberto Craveiro, nesta sexta-feira, dia 2 de outubro. Com a finaliza\u00e7\u00e3o das obras de alargamento da via e constru\u00e7\u00e3o do novo viaduto do Makro, constru\u00eddo sobre a BR-116, os motoristas que trafegam pelo local j\u00e1 dever\u00e3o notar maior fluidez no tr\u00e2nsito, que volta a ter sua configura\u00e7\u00e3o original com a libera\u00e7\u00e3o da via e de todas as al\u00e7as de retorno, antes bloqueadas para permitir a finaliza\u00e7\u00e3o dos&hellip;<\/p>\n","protected":false},"author":1,"featured_media":18491,"comment_status":"open","ping_status":"open","sticky":false,"template":"","format":"standard","meta":{"footnotes":""},"categories":[1],"tags":[],"class_list":["post-18490","post","type-post","status-publish","format-standard","has-post-thumbnail","hentry","category-noticias"],"_links":{"self":[{"href":"https:\/\/blogdorogeriogomes.com.br\/noticias\/wp-json\/wp\/v2\/posts\/18490","targetHints":{"allow":["GET"]}}],"collection":[{"href":"https:\/\/blogdorogeriogomes.com.br\/noticias\/wp-json\/wp\/v2\/posts"}],"about":[{"href":"https:\/\/blogdorogeriogomes.com.br\/noticias\/wp-json\/wp\/v2\/types\/post"}],"author":[{"embeddable":true,"href":"https:\/\/blogdorogeriogomes.com.br\/noticias\/wp-json\/wp\/v2\/users\/1"}],"replies":[{"embeddable":true,"href":"https:\/\/blogdorogeriogomes.com.br\/noticias\/wp-json\/wp\/v2\/comments?post=18490"}],"version-history":[{"count":2,"href":"https:\/\/blogdorogeriogomes.com.br\/noticias\/wp-json\/wp\/v2\/posts\/18490\/revisions"}],"predecessor-version":[{"id":18493,"href":"https:\/\/blogdorogeriogomes.com.br\/noticias\/wp-json\/wp\/v2\/posts\/18490\/revisions\/18493"}],"wp:featuredmedia":[{"embeddable":true,"href":"https:\/\/blogdorogeriogomes.com.br\/noticias\/wp-json\/wp\/v2\/media\/18491"}],"wp:attachment":[{"href":"https:\/\/blogdorogeriogomes.com.br\/noticias\/wp-json\/wp\/v2\/media?parent=18490"}],"wp:term":[{"taxonomy":"category","embeddable":true,"href":"https:\/\/blogdorogeriogomes.com.br\/noticias\/wp-json\/wp\/v2\/categories?post=18490"},{"taxonomy":"post_tag","embeddable":true,"href":"https:\/\/blogdorogeriogomes.com.br\/noticias\/wp-json\/wp\/v2\/tags?post=18490"}],"curies":[{"name":"wp","href":"https:\/\/api.w.org\/{rel}","templated":true}]}}