{"id":18496,"date":"2020-10-01T18:53:12","date_gmt":"2020-10-01T18:53:12","guid":{"rendered":"https:\/\/blogdorogeriogomes.com.br\/?p=18496"},"modified":"2020-10-02T10:26:13","modified_gmt":"2020-10-02T10:26:13","slug":"com-disputa-pelo-uso-do-nome-heitor-ferrer-e-freire-buscam-apelo-popular-em-suas-campanhas","status":"publish","type":"post","link":"https:\/\/blogdorogeriogomes.com.br\/noticias\/2020\/10\/com-disputa-pelo-uso-do-nome-heitor-ferrer-e-freire-buscam-apelo-popular-em-suas-campanhas\/","title":{"rendered":"Com disputa pelo uso do nome Heitor, Ferrer e Freire buscam apelo popular em suas campanhas"},"content":{"rendered":"\n<p>Os candidatos Heitor F\u00e9rrer (SD) e Heitor Freire (PSL) s\u00e3o personagens de pol\u00eamica \u00e0 parte dentro da disputa eleitoral para a Prefeitura de Fortaleza. Isso porque F\u00e9rrer tem se incomodado com a comunica\u00e7\u00e3o de Freire utilizando-se unicamente do primeiro nome do prefeitur\u00e1vel, estampando nas pe\u00e7as publicit\u00e1rias &#8220;Heitor 17&#8221;. Alegando ser mais conhecido e estar h\u00e1 muito mais tempo na pol\u00edtica, Heitor F\u00e9rrer busca junto ao seu advogado uma a\u00e7\u00e3o na Justi\u00e7a que pro\u00edba o feito do advers\u00e1rio e evite qualquer confus\u00e3o por parte do eleitorado.<\/p>\n\n\n\n<p>Em suas agendas de primeiros dias de campanha, tanto Freire quanto F\u00e9rrer buscam o apelo popular com programa\u00e7\u00e3o junto a comunidades e locais de tradicional fluxo da popula\u00e7\u00e3o.<\/p>\n\n\n\n<p>Nesta quarta-feira, dia 1\u00b0 de outubro, Heitor F\u00e9rrer passou o dia em caminhadas pelo Centro de Fortaleza. Posou para fotos comendo pastel, conversou com comerciantes, lojistas e passantes na Pra\u00e7a do Ferreira e divulgou sua candidatura em meio aos estabelecimentos do bairro hit\u00f3rico e comercial.<\/p>\n\n\n\n<p>J\u00e1 Heitor Freire realizou caminhada pelo bairro Edson Queiroz, participou de programas de r\u00e1dio e visitou a Casa da Vov\u00f3 Ded\u00e9, entidade sem fins lucrativos voltada a a\u00e7\u00f5es de Educa\u00e7\u00e3o, Arte e Cultura para crian\u00e7as e jovens, na Barra do Cear\u00e1.<\/p>\n\n\n\n<figure class=\"wp-block-image size-large\"><img loading=\"lazy\" decoding=\"async\" width=\"750\" height=\"500\" src=\"https:\/\/blogdorogeriogomes.com.br\/wp-content\/uploads\/2020\/10\/1_4e9a4149-13672901.jpg\" alt=\"\" class=\"wp-image-18497\" srcset=\"https:\/\/blogdorogeriogomes.com.br\/noticias\/wp-content\/uploads\/2020\/10\/1_4e9a4149-13672901.jpg 750w, https:\/\/blogdorogeriogomes.com.br\/noticias\/wp-content\/uploads\/2020\/10\/1_4e9a4149-13672901-300x200.jpg 300w\" sizes=\"auto, (max-width: 750px) 100vw, 750px\" \/><\/figure>\n","protected":false},"excerpt":{"rendered":"<p>Os candidatos Heitor F\u00e9rrer (SD) e Heitor Freire (PSL) s\u00e3o personagens de pol\u00eamica \u00e0 parte dentro da disputa eleitoral para a Prefeitura de Fortaleza. Isso porque F\u00e9rrer tem se incomodado com a comunica\u00e7\u00e3o de Freire utilizando-se unicamente do primeiro nome do prefeitur\u00e1vel, estampando nas pe\u00e7as publicit\u00e1rias &#8220;Heitor 17&#8221;. Alegando ser mais conhecido e estar h\u00e1 muito mais tempo na pol\u00edtica, Heitor F\u00e9rrer busca junto ao seu advogado uma a\u00e7\u00e3o na Justi\u00e7a que pro\u00edba o feito do advers\u00e1rio e evite&hellip;<\/p>\n","protected":false},"author":1,"featured_media":18497,"comment_status":"open","ping_status":"open","sticky":false,"template":"","format":"standard","meta":{"footnotes":""},"categories":[1],"tags":[],"class_list":["post-18496","post","type-post","status-publish","format-standard","has-post-thumbnail","hentry","category-noticias"],"_links":{"self":[{"href":"https:\/\/blogdorogeriogomes.com.br\/noticias\/wp-json\/wp\/v2\/posts\/18496","targetHints":{"allow":["GET"]}}],"collection":[{"href":"https:\/\/blogdorogeriogomes.com.br\/noticias\/wp-json\/wp\/v2\/posts"}],"about":[{"href":"https:\/\/blogdorogeriogomes.com.br\/noticias\/wp-json\/wp\/v2\/types\/post"}],"author":[{"embeddable":true,"href":"https:\/\/blogdorogeriogomes.com.br\/noticias\/wp-json\/wp\/v2\/users\/1"}],"replies":[{"embeddable":true,"href":"https:\/\/blogdorogeriogomes.com.br\/noticias\/wp-json\/wp\/v2\/comments?post=18496"}],"version-history":[{"count":1,"href":"https:\/\/blogdorogeriogomes.com.br\/noticias\/wp-json\/wp\/v2\/posts\/18496\/revisions"}],"predecessor-version":[{"id":18498,"href":"https:\/\/blogdorogeriogomes.com.br\/noticias\/wp-json\/wp\/v2\/posts\/18496\/revisions\/18498"}],"wp:featuredmedia":[{"embeddable":true,"href":"https:\/\/blogdorogeriogomes.com.br\/noticias\/wp-json\/wp\/v2\/media\/18497"}],"wp:attachment":[{"href":"https:\/\/blogdorogeriogomes.com.br\/noticias\/wp-json\/wp\/v2\/media?parent=18496"}],"wp:term":[{"taxonomy":"category","embeddable":true,"href":"https:\/\/blogdorogeriogomes.com.br\/noticias\/wp-json\/wp\/v2\/categories?post=18496"},{"taxonomy":"post_tag","embeddable":true,"href":"https:\/\/blogdorogeriogomes.com.br\/noticias\/wp-json\/wp\/v2\/tags?post=18496"}],"curies":[{"name":"wp","href":"https:\/\/api.w.org\/{rel}","templated":true}]}}