{"id":18499,"date":"2020-10-01T19:02:55","date_gmt":"2020-10-01T19:02:55","guid":{"rendered":"https:\/\/blogdorogeriogomes.com.br\/?p=18499"},"modified":"2020-10-02T10:25:56","modified_gmt":"2020-10-02T10:25:56","slug":"sarto-segue-investindo-na-parceria-com-governo-camilo-e-capitao-wagner-busca-fortalecer-oposicao","status":"publish","type":"post","link":"https:\/\/blogdorogeriogomes.com.br\/noticias\/2020\/10\/sarto-segue-investindo-na-parceria-com-governo-camilo-e-capitao-wagner-busca-fortalecer-oposicao\/","title":{"rendered":"Sarto segue investindo na parceria com governo Camilo e Capit\u00e3o Wagner busca fortalecer oposi\u00e7\u00e3o"},"content":{"rendered":"\n<p>O candidato \u00e0 prefeito de Fortaleza, Jos\u00e9 Sarto (PDT), come\u00e7ou esta quinta-feira, dia 1\u00ba de outubro, com visita ao IJF 1 e 2, acompanhado de seu vice Elcio Batista e do prefeito Roberto Cl\u00e1udio. Durante a agenda, Sarto voltou a destacar o importante papel exercido pela Prefeitura de Fortaleza e Governo do Cear\u00e1 no combate ao Covid-19.<\/p>\n\n\n\n<p>Sem citar diretamente o governador Camilo Santana como apoiador da chapa, o candidato enfatizou a parceria entre as gest\u00f5es municipal e estadual.<\/p>\n\n\n\n<p>Enquanto isso, Capit\u00e3o Wagner (Pros) visa ao fortalecimento da sua candidatura captando mais apoiadores insatisfeitos com medidas dos chefes executivos que d\u00e3o suporte ao nome de Sarto.<\/p>\n\n\n\n<p>Em visita ao Buraco da Gia, no Centro de Fortaleza, o prefeitur\u00e1vel acusou o prefeito Roberto Cl\u00e1udio de burocratizar o setor comercial fortalezense e fez cr\u00edticas \u00e0 Lei dos Alvar\u00e1s, a qual prometeu revogar caso seja eleito.<\/p>\n\n\n\n<figure class=\"wp-block-image size-large\"><img loading=\"lazy\" decoding=\"async\" width=\"1024\" height=\"682\" src=\"https:\/\/blogdorogeriogomes.com.br\/wp-content\/uploads\/2020\/10\/IMG-20201001-WA0100-1024x682.jpg\" alt=\"\" class=\"wp-image-18500\" srcset=\"https:\/\/blogdorogeriogomes.com.br\/noticias\/wp-content\/uploads\/2020\/10\/IMG-20201001-WA0100-1024x682.jpg 1024w, https:\/\/blogdorogeriogomes.com.br\/noticias\/wp-content\/uploads\/2020\/10\/IMG-20201001-WA0100-300x200.jpg 300w, https:\/\/blogdorogeriogomes.com.br\/noticias\/wp-content\/uploads\/2020\/10\/IMG-20201001-WA0100-768x512.jpg 768w, https:\/\/blogdorogeriogomes.com.br\/noticias\/wp-content\/uploads\/2020\/10\/IMG-20201001-WA0100-800x533.jpg 800w, https:\/\/blogdorogeriogomes.com.br\/noticias\/wp-content\/uploads\/2020\/10\/IMG-20201001-WA0100.jpg 1280w\" sizes=\"auto, (max-width: 1024px) 100vw, 1024px\" \/><\/figure>\n","protected":false},"excerpt":{"rendered":"<p>O candidato \u00e0 prefeito de Fortaleza, Jos\u00e9 Sarto (PDT), come\u00e7ou esta quinta-feira, dia 1\u00ba de outubro, com visita ao IJF 1 e 2, acompanhado de seu vice Elcio Batista e do prefeito Roberto Cl\u00e1udio. Durante a agenda, Sarto voltou a destacar o importante papel exercido pela Prefeitura de Fortaleza e Governo do Cear\u00e1 no combate ao Covid-19. Sem citar diretamente o governador Camilo Santana como apoiador da chapa, o candidato enfatizou a parceria entre as gest\u00f5es municipal e estadual.&hellip;<\/p>\n","protected":false},"author":1,"featured_media":18500,"comment_status":"open","ping_status":"open","sticky":false,"template":"","format":"standard","meta":{"footnotes":""},"categories":[1],"tags":[],"class_list":["post-18499","post","type-post","status-publish","format-standard","has-post-thumbnail","hentry","category-noticias"],"_links":{"self":[{"href":"https:\/\/blogdorogeriogomes.com.br\/noticias\/wp-json\/wp\/v2\/posts\/18499","targetHints":{"allow":["GET"]}}],"collection":[{"href":"https:\/\/blogdorogeriogomes.com.br\/noticias\/wp-json\/wp\/v2\/posts"}],"about":[{"href":"https:\/\/blogdorogeriogomes.com.br\/noticias\/wp-json\/wp\/v2\/types\/post"}],"author":[{"embeddable":true,"href":"https:\/\/blogdorogeriogomes.com.br\/noticias\/wp-json\/wp\/v2\/users\/1"}],"replies":[{"embeddable":true,"href":"https:\/\/blogdorogeriogomes.com.br\/noticias\/wp-json\/wp\/v2\/comments?post=18499"}],"version-history":[{"count":1,"href":"https:\/\/blogdorogeriogomes.com.br\/noticias\/wp-json\/wp\/v2\/posts\/18499\/revisions"}],"predecessor-version":[{"id":18501,"href":"https:\/\/blogdorogeriogomes.com.br\/noticias\/wp-json\/wp\/v2\/posts\/18499\/revisions\/18501"}],"wp:featuredmedia":[{"embeddable":true,"href":"https:\/\/blogdorogeriogomes.com.br\/noticias\/wp-json\/wp\/v2\/media\/18500"}],"wp:attachment":[{"href":"https:\/\/blogdorogeriogomes.com.br\/noticias\/wp-json\/wp\/v2\/media?parent=18499"}],"wp:term":[{"taxonomy":"category","embeddable":true,"href":"https:\/\/blogdorogeriogomes.com.br\/noticias\/wp-json\/wp\/v2\/categories?post=18499"},{"taxonomy":"post_tag","embeddable":true,"href":"https:\/\/blogdorogeriogomes.com.br\/noticias\/wp-json\/wp\/v2\/tags?post=18499"}],"curies":[{"name":"wp","href":"https:\/\/api.w.org\/{rel}","templated":true}]}}