{"id":18509,"date":"2020-10-02T09:20:06","date_gmt":"2020-10-02T09:20:06","guid":{"rendered":"https:\/\/blogdorogeriogomes.com.br\/?p=18509"},"modified":"2020-10-02T10:25:33","modified_gmt":"2020-10-02T10:25:33","slug":"bolsonaro-confirma-desembargador-kassio-nunes-como-indicado-para-vaga-de-celso-de-mello-no-stf","status":"publish","type":"post","link":"https:\/\/blogdorogeriogomes.com.br\/noticias\/2020\/10\/bolsonaro-confirma-desembargador-kassio-nunes-como-indicado-para-vaga-de-celso-de-mello-no-stf\/","title":{"rendered":"Bolsonaro confirma desembargador Kassio Nunes como indicado para vaga de Celso de Mello no STF"},"content":{"rendered":"\n<p>O presidente Jair Bolsonaro confirma, nesta sexta-feira, dia 2 de outubro, a indica\u00e7\u00e3o do desembargador Kassio Nunes Marques, de 48 anos, como o novo ministro do Supremo Tribunal Federal (STF). A mensagem de indica\u00e7\u00e3o ser\u00e1 publicada no Di\u00e1rio Oficial da Uni\u00e3o. Para assumir a vaga, Kassio Marques ainda ser\u00e1 sabatinado pelo Senado Federal. Kassio Marques ocupar\u00e1 vaga que ser\u00e1 aberta com a aposentadoria do ministro Celso de Mello, no pr\u00f3ximo dia 13 de outubro.<\/p>\n\n\n\n<p>A escolha surpreende por n\u00e3o ser um dos nomes que estavam na chamada lista de apostas para uma cadeira no STF, que apontavam dois nomes ligados a Bolsonaro: o atual ministro da Justi\u00e7a, Andr\u00e9 Mendon\u00e7a, e Jorge Oliveira, ministro da Secretaria-Geral da Presid\u00eancia.<\/p>\n\n\n\n<figure class=\"wp-block-image size-large\"><img loading=\"lazy\" decoding=\"async\" width=\"610\" height=\"380\" src=\"https:\/\/blogdorogeriogomes.com.br\/wp-content\/uploads\/2020\/10\/20201001191044_a7f9d5b7-4181-4252-b344-1947bbf917fd.jpeg\" alt=\"\" class=\"wp-image-18510\" srcset=\"https:\/\/blogdorogeriogomes.com.br\/noticias\/wp-content\/uploads\/2020\/10\/20201001191044_a7f9d5b7-4181-4252-b344-1947bbf917fd.jpeg 610w, https:\/\/blogdorogeriogomes.com.br\/noticias\/wp-content\/uploads\/2020\/10\/20201001191044_a7f9d5b7-4181-4252-b344-1947bbf917fd-300x187.jpeg 300w\" sizes=\"auto, (max-width: 610px) 100vw, 610px\" \/><\/figure>\n\n\n\n<p>Em live nesta quinta-feira, o presidente Bolsonaro tamb\u00e9m justificou o desejo de indicar um evang\u00e9lico para a pr\u00f3xima vaga do STF, que ser\u00e1 aberta em julho de 2021. Segundo ele, a pessoas indicada ter\u00e1 que votar de acordo com as suas convic\u00e7\u00f5es e interesses de conservadores.<\/p>\n","protected":false},"excerpt":{"rendered":"<p>O presidente Jair Bolsonaro confirma, nesta sexta-feira, dia 2 de outubro, a indica\u00e7\u00e3o do desembargador Kassio Nunes Marques, de 48 anos, como o novo ministro do Supremo Tribunal Federal (STF). A mensagem de indica\u00e7\u00e3o ser\u00e1 publicada no Di\u00e1rio Oficial da Uni\u00e3o. Para assumir a vaga, Kassio Marques ainda ser\u00e1 sabatinado pelo Senado Federal. Kassio Marques ocupar\u00e1 vaga que ser\u00e1 aberta com a aposentadoria do ministro Celso de Mello, no pr\u00f3ximo dia 13 de outubro. A escolha surpreende por n\u00e3o&hellip;<\/p>\n","protected":false},"author":1,"featured_media":18510,"comment_status":"open","ping_status":"open","sticky":false,"template":"","format":"standard","meta":{"footnotes":""},"categories":[1],"tags":[],"class_list":["post-18509","post","type-post","status-publish","format-standard","has-post-thumbnail","hentry","category-noticias"],"_links":{"self":[{"href":"https:\/\/blogdorogeriogomes.com.br\/noticias\/wp-json\/wp\/v2\/posts\/18509","targetHints":{"allow":["GET"]}}],"collection":[{"href":"https:\/\/blogdorogeriogomes.com.br\/noticias\/wp-json\/wp\/v2\/posts"}],"about":[{"href":"https:\/\/blogdorogeriogomes.com.br\/noticias\/wp-json\/wp\/v2\/types\/post"}],"author":[{"embeddable":true,"href":"https:\/\/blogdorogeriogomes.com.br\/noticias\/wp-json\/wp\/v2\/users\/1"}],"replies":[{"embeddable":true,"href":"https:\/\/blogdorogeriogomes.com.br\/noticias\/wp-json\/wp\/v2\/comments?post=18509"}],"version-history":[{"count":1,"href":"https:\/\/blogdorogeriogomes.com.br\/noticias\/wp-json\/wp\/v2\/posts\/18509\/revisions"}],"predecessor-version":[{"id":18511,"href":"https:\/\/blogdorogeriogomes.com.br\/noticias\/wp-json\/wp\/v2\/posts\/18509\/revisions\/18511"}],"wp:featuredmedia":[{"embeddable":true,"href":"https:\/\/blogdorogeriogomes.com.br\/noticias\/wp-json\/wp\/v2\/media\/18510"}],"wp:attachment":[{"href":"https:\/\/blogdorogeriogomes.com.br\/noticias\/wp-json\/wp\/v2\/media?parent=18509"}],"wp:term":[{"taxonomy":"category","embeddable":true,"href":"https:\/\/blogdorogeriogomes.com.br\/noticias\/wp-json\/wp\/v2\/categories?post=18509"},{"taxonomy":"post_tag","embeddable":true,"href":"https:\/\/blogdorogeriogomes.com.br\/noticias\/wp-json\/wp\/v2\/tags?post=18509"}],"curies":[{"name":"wp","href":"https:\/\/api.w.org\/{rel}","templated":true}]}}