{"id":18512,"date":"2020-10-02T19:46:17","date_gmt":"2020-10-02T19:46:17","guid":{"rendered":"https:\/\/blogdorogeriogomes.com.br\/?p=18512"},"modified":"2020-10-05T10:42:16","modified_gmt":"2020-10-05T10:42:16","slug":"com-governador-disputado-entre-pt-e-pdt-capitao-wagner-diz-que-tambem-espera-contar-com-apoio-de-camilo-santana-se-for-eleito","status":"publish","type":"post","link":"https:\/\/blogdorogeriogomes.com.br\/noticias\/2020\/10\/com-governador-disputado-entre-pt-e-pdt-capitao-wagner-diz-que-tambem-espera-contar-com-apoio-de-camilo-santana-se-for-eleito\/","title":{"rendered":"Com governador disputado entre PT e PDT, Capit\u00e3o Wagner diz que tamb\u00e9m espera contar com apoio de Camilo Santana se for eleito"},"content":{"rendered":"\n<p>O governador Camilo Santana \u00e9 centro de uma disputa entre as chapas de Jos\u00e9 Sarto (PDT) e Luizianne Lins (PT) pela associa\u00e7\u00e3o \u00e0 sua imagem na disputa pela Prefeitura de Fortaleza. Em meio ao embate estrat\u00e9gico, Capit\u00e3o Wagner (Pros) posicionou, nesta sexta-feira, dia 2 de outubro, o seu interesse em dispor da parceria de Camilo, caso seja eleito para o Pa\u00e7o Municipal nestas Elei\u00e7\u00f5es.<\/p>\n\n\n\n<p>Durante agenda na comunidade do Lagamar, o prefeitur\u00e1vel disse que n\u00e3o alimenta animosidade com a atual gest\u00e3o estadual e espera do governador uma postura de &#8220;estadista&#8221; e que ele ajude seja quem for o prefeito da cidade. Apesar do discurso, Wagner tem sempre demarcado oposi\u00e7\u00e3o pol\u00edtica e cr\u00edtica ao governo Camilo e aos Ferreira Gomes.<\/p>\n\n\n\n<p>A administra\u00e7\u00e3o bem avaliada de Camilo Santana segue disputada entre Luizianne e Sarto. Enquanto legalmente a associa\u00e7\u00e3o do uso de imagem est\u00e1 com a candidata do Partido dos Trabalhadores, mesmo de Camilo, Sarto se lan\u00e7a como sucessor do prefeito Roberto Cl\u00e1udio na alian\u00e7a com o Governo do Cear\u00e1.<\/p>\n\n\n\n<figure class=\"wp-block-image size-large\"><img loading=\"lazy\" decoding=\"async\" width=\"678\" height=\"452\" src=\"https:\/\/blogdorogeriogomes.com.br\/wp-content\/uploads\/2020\/10\/images-6.jpeg\" alt=\"\" class=\"wp-image-18513\" srcset=\"https:\/\/blogdorogeriogomes.com.br\/noticias\/wp-content\/uploads\/2020\/10\/images-6.jpeg 678w, https:\/\/blogdorogeriogomes.com.br\/noticias\/wp-content\/uploads\/2020\/10\/images-6-300x200.jpeg 300w\" sizes=\"auto, (max-width: 678px) 100vw, 678px\" \/><\/figure>\n","protected":false},"excerpt":{"rendered":"<p>O governador Camilo Santana \u00e9 centro de uma disputa entre as chapas de Jos\u00e9 Sarto (PDT) e Luizianne Lins (PT) pela associa\u00e7\u00e3o \u00e0 sua imagem na disputa pela Prefeitura de Fortaleza. Em meio ao embate estrat\u00e9gico, Capit\u00e3o Wagner (Pros) posicionou, nesta sexta-feira, dia 2 de outubro, o seu interesse em dispor da parceria de Camilo, caso seja eleito para o Pa\u00e7o Municipal nestas Elei\u00e7\u00f5es. Durante agenda na comunidade do Lagamar, o prefeitur\u00e1vel disse que n\u00e3o alimenta animosidade com a&hellip;<\/p>\n","protected":false},"author":1,"featured_media":18513,"comment_status":"open","ping_status":"open","sticky":false,"template":"","format":"standard","meta":{"footnotes":""},"categories":[1],"tags":[],"class_list":["post-18512","post","type-post","status-publish","format-standard","has-post-thumbnail","hentry","category-noticias"],"_links":{"self":[{"href":"https:\/\/blogdorogeriogomes.com.br\/noticias\/wp-json\/wp\/v2\/posts\/18512","targetHints":{"allow":["GET"]}}],"collection":[{"href":"https:\/\/blogdorogeriogomes.com.br\/noticias\/wp-json\/wp\/v2\/posts"}],"about":[{"href":"https:\/\/blogdorogeriogomes.com.br\/noticias\/wp-json\/wp\/v2\/types\/post"}],"author":[{"embeddable":true,"href":"https:\/\/blogdorogeriogomes.com.br\/noticias\/wp-json\/wp\/v2\/users\/1"}],"replies":[{"embeddable":true,"href":"https:\/\/blogdorogeriogomes.com.br\/noticias\/wp-json\/wp\/v2\/comments?post=18512"}],"version-history":[{"count":1,"href":"https:\/\/blogdorogeriogomes.com.br\/noticias\/wp-json\/wp\/v2\/posts\/18512\/revisions"}],"predecessor-version":[{"id":18514,"href":"https:\/\/blogdorogeriogomes.com.br\/noticias\/wp-json\/wp\/v2\/posts\/18512\/revisions\/18514"}],"wp:featuredmedia":[{"embeddable":true,"href":"https:\/\/blogdorogeriogomes.com.br\/noticias\/wp-json\/wp\/v2\/media\/18513"}],"wp:attachment":[{"href":"https:\/\/blogdorogeriogomes.com.br\/noticias\/wp-json\/wp\/v2\/media?parent=18512"}],"wp:term":[{"taxonomy":"category","embeddable":true,"href":"https:\/\/blogdorogeriogomes.com.br\/noticias\/wp-json\/wp\/v2\/categories?post=18512"},{"taxonomy":"post_tag","embeddable":true,"href":"https:\/\/blogdorogeriogomes.com.br\/noticias\/wp-json\/wp\/v2\/tags?post=18512"}],"curies":[{"name":"wp","href":"https:\/\/api.w.org\/{rel}","templated":true}]}}