{"id":18515,"date":"2020-10-02T21:04:45","date_gmt":"2020-10-02T21:04:45","guid":{"rendered":"https:\/\/blogdorogeriogomes.com.br\/?p=18515"},"modified":"2020-10-05T10:42:19","modified_gmt":"2020-10-05T10:42:19","slug":"sindicato-das-instituicoes-de-ensino-privado-propoe-nova-etapa-de-retomada-das-aulas-para-16-de-outubro","status":"publish","type":"post","link":"https:\/\/blogdorogeriogomes.com.br\/noticias\/2020\/10\/sindicato-das-instituicoes-de-ensino-privado-propoe-nova-etapa-de-retomada-das-aulas-para-16-de-outubro\/","title":{"rendered":"Sindicato das institui\u00e7\u00f5es de ensino privado prop\u00f5e nova etapa de retomada das aulas para 16 de outubro"},"content":{"rendered":"\n<p>O Sindicato de Educa\u00e7\u00e3o da Livre Iniciativa do Cear\u00e1 (Sinepe) apresentou proposta ao Governo do Cear\u00e1 de permiss\u00e3o da retomada de aulas presenciais de institui\u00e7\u00f5es de ensino privado, a partir do dia 16 de outubro. A inten\u00e7\u00e3o agora \u00e9 liberar os cursos de gradua\u00e7\u00e3o e de s\u00e9ries do Ensino Fundamental.<\/p>\n\n\n\n<p>O argumento da entidade se baseia na avalia\u00e7\u00e3o positiva desde a retomada do Ensino Infantil em Fortaleza, realizada em setembro. Tamb\u00e9m j\u00e1 foram liberadas, neste in\u00edcio de m\u00eas, as aulas presenciais de turmas de 1\u00ba, 2\u00ba e 9\u00ba ano do Ensino Fundamental e do 3\u00ba ano do Ensino M\u00e9dio, mas com capacidade de alunos limitadas a 35% do total.<\/p>\n\n\n\n<p>Segundo o planejamento do Sinepe, se a sugest\u00e3o for acatada pelo Estado, as aulas das s\u00e9ries restantes do Ensino Fundamental e gradua\u00e7\u00f5es voltam no dia 16, e p\u00f3s-gradua\u00e7\u00f5es e cursos profissionalizantes retomam as atividades a partir do pr\u00f3ximo dia 30 de outubro. O sindicato refor\u00e7a que sempre respeitar\u00e1 o cen\u00e1rio epidemiol\u00f3gico apresentado pelas autoridades de sa\u00fade p\u00fablica.<\/p>\n\n\n\n<figure class=\"wp-block-image size-large\"><img loading=\"lazy\" decoding=\"async\" width=\"512\" height=\"341\" src=\"https:\/\/blogdorogeriogomes.com.br\/wp-content\/uploads\/2020\/10\/unnamed.jpg\" alt=\"\" class=\"wp-image-18516\" srcset=\"https:\/\/blogdorogeriogomes.com.br\/noticias\/wp-content\/uploads\/2020\/10\/unnamed.jpg 512w, https:\/\/blogdorogeriogomes.com.br\/noticias\/wp-content\/uploads\/2020\/10\/unnamed-300x200.jpg 300w\" sizes=\"auto, (max-width: 512px) 100vw, 512px\" \/><\/figure>\n","protected":false},"excerpt":{"rendered":"<p>O Sindicato de Educa\u00e7\u00e3o da Livre Iniciativa do Cear\u00e1 (Sinepe) apresentou proposta ao Governo do Cear\u00e1 de permiss\u00e3o da retomada de aulas presenciais de institui\u00e7\u00f5es de ensino privado, a partir do dia 16 de outubro. A inten\u00e7\u00e3o agora \u00e9 liberar os cursos de gradua\u00e7\u00e3o e de s\u00e9ries do Ensino Fundamental. O argumento da entidade se baseia na avalia\u00e7\u00e3o positiva desde a retomada do Ensino Infantil em Fortaleza, realizada em setembro. Tamb\u00e9m j\u00e1 foram liberadas, neste in\u00edcio de m\u00eas, as&hellip;<\/p>\n","protected":false},"author":1,"featured_media":18516,"comment_status":"open","ping_status":"open","sticky":false,"template":"","format":"standard","meta":{"footnotes":""},"categories":[1],"tags":[],"class_list":["post-18515","post","type-post","status-publish","format-standard","has-post-thumbnail","hentry","category-noticias"],"_links":{"self":[{"href":"https:\/\/blogdorogeriogomes.com.br\/noticias\/wp-json\/wp\/v2\/posts\/18515","targetHints":{"allow":["GET"]}}],"collection":[{"href":"https:\/\/blogdorogeriogomes.com.br\/noticias\/wp-json\/wp\/v2\/posts"}],"about":[{"href":"https:\/\/blogdorogeriogomes.com.br\/noticias\/wp-json\/wp\/v2\/types\/post"}],"author":[{"embeddable":true,"href":"https:\/\/blogdorogeriogomes.com.br\/noticias\/wp-json\/wp\/v2\/users\/1"}],"replies":[{"embeddable":true,"href":"https:\/\/blogdorogeriogomes.com.br\/noticias\/wp-json\/wp\/v2\/comments?post=18515"}],"version-history":[{"count":1,"href":"https:\/\/blogdorogeriogomes.com.br\/noticias\/wp-json\/wp\/v2\/posts\/18515\/revisions"}],"predecessor-version":[{"id":18517,"href":"https:\/\/blogdorogeriogomes.com.br\/noticias\/wp-json\/wp\/v2\/posts\/18515\/revisions\/18517"}],"wp:featuredmedia":[{"embeddable":true,"href":"https:\/\/blogdorogeriogomes.com.br\/noticias\/wp-json\/wp\/v2\/media\/18516"}],"wp:attachment":[{"href":"https:\/\/blogdorogeriogomes.com.br\/noticias\/wp-json\/wp\/v2\/media?parent=18515"}],"wp:term":[{"taxonomy":"category","embeddable":true,"href":"https:\/\/blogdorogeriogomes.com.br\/noticias\/wp-json\/wp\/v2\/categories?post=18515"},{"taxonomy":"post_tag","embeddable":true,"href":"https:\/\/blogdorogeriogomes.com.br\/noticias\/wp-json\/wp\/v2\/tags?post=18515"}],"curies":[{"name":"wp","href":"https:\/\/api.w.org\/{rel}","templated":true}]}}