{"id":18518,"date":"2020-10-03T11:39:34","date_gmt":"2020-10-03T11:39:34","guid":{"rendered":"https:\/\/blogdorogeriogomes.com.br\/?p=18518"},"modified":"2020-10-05T10:42:24","modified_gmt":"2020-10-05T10:42:24","slug":"camilo-santana-e-roberto-claudio-fazem-visita-as-obras-da-linha-leste-do-metrofor-prevista-para-entrega-em-2022","status":"publish","type":"post","link":"https:\/\/blogdorogeriogomes.com.br\/noticias\/2020\/10\/camilo-santana-e-roberto-claudio-fazem-visita-as-obras-da-linha-leste-do-metrofor-prevista-para-entrega-em-2022\/","title":{"rendered":"Camilo Santana e Roberto Cl\u00e1udio fazem visita \u00e0s obras da Linha Leste do Metrofor prevista para entrega em 2022"},"content":{"rendered":"\n<p>O governador do Cear\u00e1, Camilo Santana, e o prefeito de Fortaleza, Roberto Cl\u00e1udio, vistoriaram nesta sexta-feira, dia 2 de outubro, as obras da Linha Leste do Metr\u00f4 de Fortaleza, no Centro. O trecho ter\u00e1 7,3 quil\u00f4metros de extens\u00e3o e contar\u00e1 com cinco esta\u00e7\u00f5es, sendo uma de superf\u00edcie (Tirol-Moura Brasil) e as outras subterr\u00e2neas (Chico da Silva, Col\u00e9gio Militar, Nunes Valente e Papicu). Ap\u00f3s sua conclus\u00e3o, prevista para 2022, cerca de 150 mil pessoas poder\u00e3o utilizar o transporte para deslocamento di\u00e1rio.<\/p>\n\n\n\n<p>\u201cJ\u00e1 temos a Linha Sul, que vem de Pacatuba at\u00e9 aqui o Centro da cidade, na Esta\u00e7\u00e3o Chico da Silva. A Linha Sul conecta tamb\u00e9m com o VLT na Parangaba e vai at\u00e9 o Papicu. S\u00e3o 13 esta\u00e7\u00f5es at\u00e9 o Mucuripe. Agora, com a Linha Leste, vai conectar o Centro com o VLT no Papicu, integrando tamb\u00e9m com os terminais de \u00f4nibus em Fortaleza. Os trens que v\u00eam da Linha Oeste, vindo de Caucaia, v\u00e3o poder conectar tamb\u00e9m com o metr\u00f4 aqui na Linha Leste\u201d, disse Camilo Santana.<\/p>\n\n\n\n<p>O governador e prefeito foram at\u00e9 o local onde a tuneladora trabalha na escava\u00e7\u00e3o do t\u00fanel e na coloca\u00e7\u00e3o das pe\u00e7as pr\u00e9-moldadas de concreto. A m\u00e1quina j\u00e1 est\u00e1 a mais de 700 metros do ponto de partida do trecho, e a 34 metros de profundidade.<\/p>\n\n\n\n<p>No momento, os trabalhos acontecem no Centro da cidade, no eixo da Rua Castro e Silva. J\u00e1 no bairro Aldeota, est\u00e3o em constru\u00e7\u00e3o as esta\u00e7\u00f5es do Col\u00e9gio Militar e Nunes Valente. A Esta\u00e7\u00e3o Papicu, \u00faltima do percurso, se encontra com seu canteiro de obras em instala\u00e7\u00e3o.<\/p>\n\n\n\n<figure class=\"wp-block-image size-large\"><img loading=\"lazy\" decoding=\"async\" width=\"1024\" height=\"684\" src=\"https:\/\/blogdorogeriogomes.com.br\/wp-content\/uploads\/2020\/10\/CGM2922-1200x802-1-1024x684.jpg\" alt=\"\" class=\"wp-image-18519\" srcset=\"https:\/\/blogdorogeriogomes.com.br\/noticias\/wp-content\/uploads\/2020\/10\/CGM2922-1200x802-1-1024x684.jpg 1024w, https:\/\/blogdorogeriogomes.com.br\/noticias\/wp-content\/uploads\/2020\/10\/CGM2922-1200x802-1-300x201.jpg 300w, https:\/\/blogdorogeriogomes.com.br\/noticias\/wp-content\/uploads\/2020\/10\/CGM2922-1200x802-1-768x513.jpg 768w, https:\/\/blogdorogeriogomes.com.br\/noticias\/wp-content\/uploads\/2020\/10\/CGM2922-1200x802-1-800x535.jpg 800w, https:\/\/blogdorogeriogomes.com.br\/noticias\/wp-content\/uploads\/2020\/10\/CGM2922-1200x802-1.jpg 1200w\" sizes=\"auto, (max-width: 1024px) 100vw, 1024px\" \/><\/figure>\n","protected":false},"excerpt":{"rendered":"<p>O governador do Cear\u00e1, Camilo Santana, e o prefeito de Fortaleza, Roberto Cl\u00e1udio, vistoriaram nesta sexta-feira, dia 2 de outubro, as obras da Linha Leste do Metr\u00f4 de Fortaleza, no Centro. O trecho ter\u00e1 7,3 quil\u00f4metros de extens\u00e3o e contar\u00e1 com cinco esta\u00e7\u00f5es, sendo uma de superf\u00edcie (Tirol-Moura Brasil) e as outras subterr\u00e2neas (Chico da Silva, Col\u00e9gio Militar, Nunes Valente e Papicu). Ap\u00f3s sua conclus\u00e3o, prevista para 2022, cerca de 150 mil pessoas poder\u00e3o utilizar o transporte para deslocamento&hellip;<\/p>\n","protected":false},"author":1,"featured_media":18519,"comment_status":"open","ping_status":"open","sticky":false,"template":"","format":"standard","meta":{"footnotes":""},"categories":[1],"tags":[],"class_list":["post-18518","post","type-post","status-publish","format-standard","has-post-thumbnail","hentry","category-noticias"],"_links":{"self":[{"href":"https:\/\/blogdorogeriogomes.com.br\/noticias\/wp-json\/wp\/v2\/posts\/18518","targetHints":{"allow":["GET"]}}],"collection":[{"href":"https:\/\/blogdorogeriogomes.com.br\/noticias\/wp-json\/wp\/v2\/posts"}],"about":[{"href":"https:\/\/blogdorogeriogomes.com.br\/noticias\/wp-json\/wp\/v2\/types\/post"}],"author":[{"embeddable":true,"href":"https:\/\/blogdorogeriogomes.com.br\/noticias\/wp-json\/wp\/v2\/users\/1"}],"replies":[{"embeddable":true,"href":"https:\/\/blogdorogeriogomes.com.br\/noticias\/wp-json\/wp\/v2\/comments?post=18518"}],"version-history":[{"count":1,"href":"https:\/\/blogdorogeriogomes.com.br\/noticias\/wp-json\/wp\/v2\/posts\/18518\/revisions"}],"predecessor-version":[{"id":18520,"href":"https:\/\/blogdorogeriogomes.com.br\/noticias\/wp-json\/wp\/v2\/posts\/18518\/revisions\/18520"}],"wp:featuredmedia":[{"embeddable":true,"href":"https:\/\/blogdorogeriogomes.com.br\/noticias\/wp-json\/wp\/v2\/media\/18519"}],"wp:attachment":[{"href":"https:\/\/blogdorogeriogomes.com.br\/noticias\/wp-json\/wp\/v2\/media?parent=18518"}],"wp:term":[{"taxonomy":"category","embeddable":true,"href":"https:\/\/blogdorogeriogomes.com.br\/noticias\/wp-json\/wp\/v2\/categories?post=18518"},{"taxonomy":"post_tag","embeddable":true,"href":"https:\/\/blogdorogeriogomes.com.br\/noticias\/wp-json\/wp\/v2\/tags?post=18518"}],"curies":[{"name":"wp","href":"https:\/\/api.w.org\/{rel}","templated":true}]}}