{"id":18524,"date":"2020-10-03T16:32:05","date_gmt":"2020-10-03T16:32:05","guid":{"rendered":"https:\/\/blogdorogeriogomes.com.br\/?p=18524"},"modified":"2020-10-05T10:40:34","modified_gmt":"2020-10-05T10:40:34","slug":"complexo-viario-na-avenida-alberto-craveiro-e-entregue-pela-prefeitura-de-fortaleza","status":"publish","type":"post","link":"https:\/\/blogdorogeriogomes.com.br\/noticias\/2020\/10\/complexo-viario-na-avenida-alberto-craveiro-e-entregue-pela-prefeitura-de-fortaleza\/","title":{"rendered":"Complexo Vi\u00e1rio na avenida Alberto Craveiro \u00e9 entregue pela Prefeitura de Fortaleza"},"content":{"rendered":"\n<p>O prefeito Roberto Cl\u00e1udio e o governador Camilo Santana entregaram, na manh\u00e3 deste s\u00e1bado, dia 3 de outubro, as obras do Complexo Vi\u00e1rio Jos\u00e9 Dias Macedo, composto por novo viaduto e alargamento da Avenida Alberto Craveiro. O complexo foi nomeado de Jos\u00e9 Dias de Macedo, uma homenagem ao fundador do Grupo J. Macedo. <\/p>\n\n\n\n<p>As obras contemplaram um novo sistema de drenagem, novas cal\u00e7adas, ilumina\u00e7\u00e3o, canteiro central e ciclovia. De acordo com o prefeito Roberto Cl\u00e1udio, a regi\u00e3o apresentava dois problemas espec\u00edficos. \u201cAqui era um problema cr\u00f4nico tanto do alagamento quanto do engarrafamento e com essa obra, a duplica\u00e7\u00e3o das al\u00e7as, a drenagem, a requalifica\u00e7\u00e3o vi\u00e1ria que foi feita, vai dar uma solu\u00e7\u00e3o definitiva para esses dois problemas\u201d, pontuou o gestor.<\/p>\n\n\n\n<p>Com a libera\u00e7\u00e3o do viaduto constru\u00eddo sobre a BR-116, os motoristas que trafegam pelo local j\u00e1 percebem maior fluidez no tr\u00e2nsito na avenida e nas al\u00e7as do novo equipamento. O governador Camilo Santana comentou que, \u201cEsse \u00e9 um dos mais importantes acessos para quem chega em fortaleza para o setor hoteleiro da cidade. Al\u00e9m do problema de drenagem que foi solucionada, o problema do engarrafamento tamb\u00e9m. Essa \u00e9 uma obra estruturante e importante para a cidade. Importante para o turismo e para os moradores de Fortaleza\u201d.<\/p>\n\n\n\n<p>Cerca de 41 mil condutores trafegam pelo local todos os dias. Agora, v\u00e3o poder contar com mais mobilidade e seguran\u00e7a vi\u00e1ria. \u201cAqui era um ponto muito confuso da cidade, tinham v\u00e1rios acidentes, engarrafamento constante e hoje com toda a paci\u00eancia da popula\u00e7\u00e3o e esfor\u00e7o da gest\u00e3o pode ser realizado esse trabalho\u201d, ressaltou a Secret\u00e1ria Municipal de Infraestrutura, Manuela Nogueira.<\/p>\n\n\n\n<p>Com as interven\u00e7\u00f5es, o viaduto passou a contar com oito faixas de tr\u00e1fego, sendo quatro por sentido, al\u00e9m de ciclofaixa bidirecional e nova ilumina\u00e7\u00e3o.<\/p>\n\n\n\n<figure class=\"wp-block-image size-large\"><img loading=\"lazy\" decoding=\"async\" width=\"1024\" height=\"682\" src=\"https:\/\/blogdorogeriogomes.com.br\/wp-content\/uploads\/2020\/10\/IMG-20201003-WA0074-1024x682.jpg\" alt=\"\" class=\"wp-image-18525\" srcset=\"https:\/\/blogdorogeriogomes.com.br\/noticias\/wp-content\/uploads\/2020\/10\/IMG-20201003-WA0074-1024x682.jpg 1024w, https:\/\/blogdorogeriogomes.com.br\/noticias\/wp-content\/uploads\/2020\/10\/IMG-20201003-WA0074-300x200.jpg 300w, https:\/\/blogdorogeriogomes.com.br\/noticias\/wp-content\/uploads\/2020\/10\/IMG-20201003-WA0074-768x512.jpg 768w, https:\/\/blogdorogeriogomes.com.br\/noticias\/wp-content\/uploads\/2020\/10\/IMG-20201003-WA0074-800x533.jpg 800w, https:\/\/blogdorogeriogomes.com.br\/noticias\/wp-content\/uploads\/2020\/10\/IMG-20201003-WA0074.jpg 1280w\" sizes=\"auto, (max-width: 1024px) 100vw, 1024px\" \/><\/figure>\n\n\n\n<p><\/p>\n\n\n\n<p><\/p>\n\n\n\n<p><\/p>\n","protected":false},"excerpt":{"rendered":"<p>O prefeito Roberto Cl\u00e1udio e o governador Camilo Santana entregaram, na manh\u00e3 deste s\u00e1bado, dia 3 de outubro, as obras do Complexo Vi\u00e1rio Jos\u00e9 Dias Macedo, composto por novo viaduto e alargamento da Avenida Alberto Craveiro. O complexo foi nomeado de Jos\u00e9 Dias de Macedo, uma homenagem ao fundador do Grupo J. Macedo. As obras contemplaram um novo sistema de drenagem, novas cal\u00e7adas, ilumina\u00e7\u00e3o, canteiro central e ciclovia. De acordo com o prefeito Roberto Cl\u00e1udio, a regi\u00e3o apresentava dois&hellip;<\/p>\n","protected":false},"author":1,"featured_media":18525,"comment_status":"open","ping_status":"open","sticky":false,"template":"","format":"standard","meta":{"footnotes":""},"categories":[1],"tags":[],"class_list":["post-18524","post","type-post","status-publish","format-standard","has-post-thumbnail","hentry","category-noticias"],"_links":{"self":[{"href":"https:\/\/blogdorogeriogomes.com.br\/noticias\/wp-json\/wp\/v2\/posts\/18524","targetHints":{"allow":["GET"]}}],"collection":[{"href":"https:\/\/blogdorogeriogomes.com.br\/noticias\/wp-json\/wp\/v2\/posts"}],"about":[{"href":"https:\/\/blogdorogeriogomes.com.br\/noticias\/wp-json\/wp\/v2\/types\/post"}],"author":[{"embeddable":true,"href":"https:\/\/blogdorogeriogomes.com.br\/noticias\/wp-json\/wp\/v2\/users\/1"}],"replies":[{"embeddable":true,"href":"https:\/\/blogdorogeriogomes.com.br\/noticias\/wp-json\/wp\/v2\/comments?post=18524"}],"version-history":[{"count":1,"href":"https:\/\/blogdorogeriogomes.com.br\/noticias\/wp-json\/wp\/v2\/posts\/18524\/revisions"}],"predecessor-version":[{"id":18526,"href":"https:\/\/blogdorogeriogomes.com.br\/noticias\/wp-json\/wp\/v2\/posts\/18524\/revisions\/18526"}],"wp:featuredmedia":[{"embeddable":true,"href":"https:\/\/blogdorogeriogomes.com.br\/noticias\/wp-json\/wp\/v2\/media\/18525"}],"wp:attachment":[{"href":"https:\/\/blogdorogeriogomes.com.br\/noticias\/wp-json\/wp\/v2\/media?parent=18524"}],"wp:term":[{"taxonomy":"category","embeddable":true,"href":"https:\/\/blogdorogeriogomes.com.br\/noticias\/wp-json\/wp\/v2\/categories?post=18524"},{"taxonomy":"post_tag","embeddable":true,"href":"https:\/\/blogdorogeriogomes.com.br\/noticias\/wp-json\/wp\/v2\/tags?post=18524"}],"curies":[{"name":"wp","href":"https:\/\/api.w.org\/{rel}","templated":true}]}}