{"id":18527,"date":"2020-10-04T13:21:07","date_gmt":"2020-10-04T13:21:07","guid":{"rendered":"https:\/\/blogdorogeriogomes.com.br\/?p=18527"},"modified":"2020-10-05T10:40:13","modified_gmt":"2020-10-05T10:40:13","slug":"prefeitura-de-fortaleza-entrega-urbanizacao-da-avenida-vicente-de-castro-nesta-segunda-feira","status":"publish","type":"post","link":"https:\/\/blogdorogeriogomes.com.br\/noticias\/2020\/10\/prefeitura-de-fortaleza-entrega-urbanizacao-da-avenida-vicente-de-castro-nesta-segunda-feira\/","title":{"rendered":"Prefeitura de Fortaleza entrega urbaniza\u00e7\u00e3o da avenida Vicente de Castro nesta segunda-feira"},"content":{"rendered":"\n<p>A Prefeitura de Fortaleza entrega, nesta segunda-feira, dia 5 de outubro, as obras de requalifica\u00e7\u00e3o vi\u00e1ria da Avenida Vicente de Castro, no bairro Cais do Porto, na Regional II.<br>As obras de urbaniza\u00e7\u00e3o fazem parte do projeto Corredores Tur\u00edsticos que tem como objetivo ligar os principais corredores comerciais e tur\u00edsticos da Capital, tendo como prioridade o pedestre, oferecendo infraestrutura necess\u00e1ria para caminhadas em \u00e1reas que fomentam o turismo e o com\u00e9rcio.<\/p>\n\n\n\n<p>A Avenida Vicente de Castro teve o pavimento asf\u00e1ltico substitu\u00eddo por piso intertravado, seguindo o mesmo padr\u00e3o da requalifica\u00e7\u00e3o da nova Avenida Beira-Mar.<br>A escolha pelo novo pavimento teve como objetivo facilitar o escoamento da \u00e1gua, melhorar a sensa\u00e7\u00e3o t\u00e9rmica da via, al\u00e9m de garantir mais acessibilidade com a instala\u00e7\u00e3o de piso t\u00e1til, rampas e passagens elevadas para pedestre.<br>Com investimento de R$ 9 milh\u00f5es, as obras permitiram, ainda, a constru\u00e7\u00e3o de um novo sistema de drenagem na avenida, al\u00e9m de novas cal\u00e7adas, paisagismo e ciclovia.<\/p>\n\n\n\n<figure class=\"wp-block-image size-large\"><img loading=\"lazy\" decoding=\"async\" width=\"1024\" height=\"768\" src=\"https:\/\/blogdorogeriogomes.com.br\/wp-content\/uploads\/2020\/10\/IMG-20201004-WA0036.jpg\" alt=\"\" class=\"wp-image-18528\" srcset=\"https:\/\/blogdorogeriogomes.com.br\/noticias\/wp-content\/uploads\/2020\/10\/IMG-20201004-WA0036.jpg 1024w, https:\/\/blogdorogeriogomes.com.br\/noticias\/wp-content\/uploads\/2020\/10\/IMG-20201004-WA0036-300x225.jpg 300w, https:\/\/blogdorogeriogomes.com.br\/noticias\/wp-content\/uploads\/2020\/10\/IMG-20201004-WA0036-768x576.jpg 768w, https:\/\/blogdorogeriogomes.com.br\/noticias\/wp-content\/uploads\/2020\/10\/IMG-20201004-WA0036-800x600.jpg 800w, https:\/\/blogdorogeriogomes.com.br\/noticias\/wp-content\/uploads\/2020\/10\/IMG-20201004-WA0036-400x300.jpg 400w\" sizes=\"auto, (max-width: 1024px) 100vw, 1024px\" \/><\/figure>\n","protected":false},"excerpt":{"rendered":"<p>A Prefeitura de Fortaleza entrega, nesta segunda-feira, dia 5 de outubro, as obras de requalifica\u00e7\u00e3o vi\u00e1ria da Avenida Vicente de Castro, no bairro Cais do Porto, na Regional II.As obras de urbaniza\u00e7\u00e3o fazem parte do projeto Corredores Tur\u00edsticos que tem como objetivo ligar os principais corredores comerciais e tur\u00edsticos da Capital, tendo como prioridade o pedestre, oferecendo infraestrutura necess\u00e1ria para caminhadas em \u00e1reas que fomentam o turismo e o com\u00e9rcio. A Avenida Vicente de Castro teve o pavimento asf\u00e1ltico&hellip;<\/p>\n","protected":false},"author":1,"featured_media":18528,"comment_status":"open","ping_status":"open","sticky":false,"template":"","format":"standard","meta":{"footnotes":""},"categories":[1],"tags":[],"class_list":["post-18527","post","type-post","status-publish","format-standard","has-post-thumbnail","hentry","category-noticias"],"_links":{"self":[{"href":"https:\/\/blogdorogeriogomes.com.br\/noticias\/wp-json\/wp\/v2\/posts\/18527","targetHints":{"allow":["GET"]}}],"collection":[{"href":"https:\/\/blogdorogeriogomes.com.br\/noticias\/wp-json\/wp\/v2\/posts"}],"about":[{"href":"https:\/\/blogdorogeriogomes.com.br\/noticias\/wp-json\/wp\/v2\/types\/post"}],"author":[{"embeddable":true,"href":"https:\/\/blogdorogeriogomes.com.br\/noticias\/wp-json\/wp\/v2\/users\/1"}],"replies":[{"embeddable":true,"href":"https:\/\/blogdorogeriogomes.com.br\/noticias\/wp-json\/wp\/v2\/comments?post=18527"}],"version-history":[{"count":1,"href":"https:\/\/blogdorogeriogomes.com.br\/noticias\/wp-json\/wp\/v2\/posts\/18527\/revisions"}],"predecessor-version":[{"id":18529,"href":"https:\/\/blogdorogeriogomes.com.br\/noticias\/wp-json\/wp\/v2\/posts\/18527\/revisions\/18529"}],"wp:featuredmedia":[{"embeddable":true,"href":"https:\/\/blogdorogeriogomes.com.br\/noticias\/wp-json\/wp\/v2\/media\/18528"}],"wp:attachment":[{"href":"https:\/\/blogdorogeriogomes.com.br\/noticias\/wp-json\/wp\/v2\/media?parent=18527"}],"wp:term":[{"taxonomy":"category","embeddable":true,"href":"https:\/\/blogdorogeriogomes.com.br\/noticias\/wp-json\/wp\/v2\/categories?post=18527"},{"taxonomy":"post_tag","embeddable":true,"href":"https:\/\/blogdorogeriogomes.com.br\/noticias\/wp-json\/wp\/v2\/tags?post=18527"}],"curies":[{"name":"wp","href":"https:\/\/api.w.org\/{rel}","templated":true}]}}