{"id":18530,"date":"2020-10-05T09:17:35","date_gmt":"2020-10-05T09:17:35","guid":{"rendered":"https:\/\/blogdorogeriogomes.com.br\/?p=18530"},"modified":"2020-10-05T10:39:59","modified_gmt":"2020-10-05T10:39:59","slug":"governo-do-ceara-libera-eventos-ate-200-pessoas-na-macrorregiao-de-fortaleza","status":"publish","type":"post","link":"https:\/\/blogdorogeriogomes.com.br\/noticias\/2020\/10\/governo-do-ceara-libera-eventos-ate-200-pessoas-na-macrorregiao-de-fortaleza\/","title":{"rendered":"Governo do Cear\u00e1 libera eventos at\u00e9 200 pessoas na Macrorregi\u00e3o de Fortaleza"},"content":{"rendered":"\n<p>O Governo do Cear\u00e1 liberou a realiza\u00e7\u00e3o de eventos sociais, festas, shows e competi\u00e7\u00f5es esportivas com at\u00e9 200 pessoas na macrorregi\u00e3o de Sa\u00fade de Fortaleza. O decreto com a prorroga\u00e7\u00e3o das medidas de isolamento social vale a partir desta segunda-feira, dia 5 de outubro.<\/p>\n\n\n\n<p>Para a realiza\u00e7\u00e3o desses eventos, que demandam concentra\u00e7\u00e3o de pessoas, \u00e9 necess\u00e1rio que haja autoriza\u00e7\u00e3o pr\u00e9via da Secretaria de Sa\u00fade (Sesa) e a observ\u00e2ncia dos protocolos sanit\u00e1rios espec\u00edficos a cada tipo de evento.<\/p>\n\n\n\n<p>A Secretaria da Sa\u00fade, Pol\u00edcia Militar, Pol\u00edcia Civil e Pol\u00edcia Rodovi\u00e1ria Estadual, seguir\u00e3o auxiliando os agentes municipais na fiscaliza\u00e7\u00e3o desses estabelecimentos.&nbsp;Em caso de reincid\u00eancia de autua\u00e7\u00e3o pelas equipes de fiscaliza\u00e7\u00e3o, o estabelecimento ter\u00e1 suas atividades suspensas inicialmente por sete dias.<\/p>\n\n\n\n<figure class=\"wp-block-image size-large\"><img loading=\"lazy\" decoding=\"async\" width=\"960\" height=\"720\" src=\"https:\/\/blogdorogeriogomes.com.br\/wp-content\/uploads\/2020\/10\/120505960_2838164046416170_4039053193071842490_n.jpg\" alt=\"\" class=\"wp-image-18531\" srcset=\"https:\/\/blogdorogeriogomes.com.br\/noticias\/wp-content\/uploads\/2020\/10\/120505960_2838164046416170_4039053193071842490_n.jpg 960w, https:\/\/blogdorogeriogomes.com.br\/noticias\/wp-content\/uploads\/2020\/10\/120505960_2838164046416170_4039053193071842490_n-300x225.jpg 300w, https:\/\/blogdorogeriogomes.com.br\/noticias\/wp-content\/uploads\/2020\/10\/120505960_2838164046416170_4039053193071842490_n-768x576.jpg 768w, https:\/\/blogdorogeriogomes.com.br\/noticias\/wp-content\/uploads\/2020\/10\/120505960_2838164046416170_4039053193071842490_n-800x600.jpg 800w, https:\/\/blogdorogeriogomes.com.br\/noticias\/wp-content\/uploads\/2020\/10\/120505960_2838164046416170_4039053193071842490_n-400x300.jpg 400w\" sizes=\"auto, (max-width: 960px) 100vw, 960px\" \/><\/figure>\n","protected":false},"excerpt":{"rendered":"<p>O Governo do Cear\u00e1 liberou a realiza\u00e7\u00e3o de eventos sociais, festas, shows e competi\u00e7\u00f5es esportivas com at\u00e9 200 pessoas na macrorregi\u00e3o de Sa\u00fade de Fortaleza. O decreto com a prorroga\u00e7\u00e3o das medidas de isolamento social vale a partir desta segunda-feira, dia 5 de outubro. Para a realiza\u00e7\u00e3o desses eventos, que demandam concentra\u00e7\u00e3o de pessoas, \u00e9 necess\u00e1rio que haja autoriza\u00e7\u00e3o pr\u00e9via da Secretaria de Sa\u00fade (Sesa) e a observ\u00e2ncia dos protocolos sanit\u00e1rios espec\u00edficos a cada tipo de evento. A Secretaria&hellip;<\/p>\n","protected":false},"author":1,"featured_media":18531,"comment_status":"open","ping_status":"open","sticky":false,"template":"","format":"standard","meta":{"footnotes":""},"categories":[1],"tags":[],"class_list":["post-18530","post","type-post","status-publish","format-standard","has-post-thumbnail","hentry","category-noticias"],"_links":{"self":[{"href":"https:\/\/blogdorogeriogomes.com.br\/noticias\/wp-json\/wp\/v2\/posts\/18530","targetHints":{"allow":["GET"]}}],"collection":[{"href":"https:\/\/blogdorogeriogomes.com.br\/noticias\/wp-json\/wp\/v2\/posts"}],"about":[{"href":"https:\/\/blogdorogeriogomes.com.br\/noticias\/wp-json\/wp\/v2\/types\/post"}],"author":[{"embeddable":true,"href":"https:\/\/blogdorogeriogomes.com.br\/noticias\/wp-json\/wp\/v2\/users\/1"}],"replies":[{"embeddable":true,"href":"https:\/\/blogdorogeriogomes.com.br\/noticias\/wp-json\/wp\/v2\/comments?post=18530"}],"version-history":[{"count":2,"href":"https:\/\/blogdorogeriogomes.com.br\/noticias\/wp-json\/wp\/v2\/posts\/18530\/revisions"}],"predecessor-version":[{"id":18536,"href":"https:\/\/blogdorogeriogomes.com.br\/noticias\/wp-json\/wp\/v2\/posts\/18530\/revisions\/18536"}],"wp:featuredmedia":[{"embeddable":true,"href":"https:\/\/blogdorogeriogomes.com.br\/noticias\/wp-json\/wp\/v2\/media\/18531"}],"wp:attachment":[{"href":"https:\/\/blogdorogeriogomes.com.br\/noticias\/wp-json\/wp\/v2\/media?parent=18530"}],"wp:term":[{"taxonomy":"category","embeddable":true,"href":"https:\/\/blogdorogeriogomes.com.br\/noticias\/wp-json\/wp\/v2\/categories?post=18530"},{"taxonomy":"post_tag","embeddable":true,"href":"https:\/\/blogdorogeriogomes.com.br\/noticias\/wp-json\/wp\/v2\/tags?post=18530"}],"curies":[{"name":"wp","href":"https:\/\/api.w.org\/{rel}","templated":true}]}}