{"id":18533,"date":"2020-10-05T09:35:28","date_gmt":"2020-10-05T09:35:28","guid":{"rendered":"https:\/\/blogdorogeriogomes.com.br\/?p=18533"},"modified":"2020-10-05T10:39:44","modified_gmt":"2020-10-05T10:39:44","slug":"campanha-de-vacinacao-contra-a-poliomielite-comeca-nesta-segunda-feira","status":"publish","type":"post","link":"https:\/\/blogdorogeriogomes.com.br\/noticias\/2020\/10\/campanha-de-vacinacao-contra-a-poliomielite-comeca-nesta-segunda-feira\/","title":{"rendered":"Campanha de vacina\u00e7\u00e3o contra a Poliomielite come\u00e7a nesta segunda-feira"},"content":{"rendered":"\n<p>De hoje at\u00e9 o dia 30 de outubro, acontece a Campanha Nacional de Vacina\u00e7\u00e3o contra a Poliomielite e a Multivacina\u00e7\u00e3o em todo o Pa\u00eds. O p\u00fablico-alvo da vacina\u00e7\u00e3o contra a poliomielite s\u00e3o as crian\u00e7as de at\u00e9 cinco anos, com a meta de vacinar quase 511 mil crian\u00e7as.<\/p>\n\n\n\n<p>J\u00e1 a Multivacina\u00e7\u00e3o \u00e9 voltada para que as crian\u00e7as e adolescentes menores de 15 anos possam atualizar a caderneta vacinal. Para isso, os postos de sa\u00fade do Estado v\u00e3o disponibilizar todas as vacinas do calend\u00e1rio b\u00e1sico.<\/p>\n\n\n\n<p>Para a campanha de Multivacina\u00e7\u00e3o, o Minist\u00e9rio da Sa\u00fade n\u00e3o estabeleceu nenhuma meta, mas vai ofertar todas as vacinas previstas no Calend\u00e1rio Nacional de Vacina\u00e7\u00e3o.<\/p>\n\n\n\n<figure class=\"wp-block-image size-large\"><img loading=\"lazy\" decoding=\"async\" width=\"1024\" height=\"683\" src=\"https:\/\/blogdorogeriogomes.com.br\/wp-content\/uploads\/2020\/10\/normal-vacina-1024x683.jpg\" alt=\"\" class=\"wp-image-18534\" srcset=\"https:\/\/blogdorogeriogomes.com.br\/noticias\/wp-content\/uploads\/2020\/10\/normal-vacina-1024x683.jpg 1024w, https:\/\/blogdorogeriogomes.com.br\/noticias\/wp-content\/uploads\/2020\/10\/normal-vacina-300x200.jpg 300w, https:\/\/blogdorogeriogomes.com.br\/noticias\/wp-content\/uploads\/2020\/10\/normal-vacina-768x512.jpg 768w, https:\/\/blogdorogeriogomes.com.br\/noticias\/wp-content\/uploads\/2020\/10\/normal-vacina-800x533.jpg 800w, https:\/\/blogdorogeriogomes.com.br\/noticias\/wp-content\/uploads\/2020\/10\/normal-vacina.jpg 1200w\" sizes=\"auto, (max-width: 1024px) 100vw, 1024px\" \/><\/figure>\n\n\n\n<p><\/p>\n","protected":false},"excerpt":{"rendered":"<p>De hoje at\u00e9 o dia 30 de outubro, acontece a Campanha Nacional de Vacina\u00e7\u00e3o contra a Poliomielite e a Multivacina\u00e7\u00e3o em todo o Pa\u00eds. O p\u00fablico-alvo da vacina\u00e7\u00e3o contra a poliomielite s\u00e3o as crian\u00e7as de at\u00e9 cinco anos, com a meta de vacinar quase 511 mil crian\u00e7as. J\u00e1 a Multivacina\u00e7\u00e3o \u00e9 voltada para que as crian\u00e7as e adolescentes menores de 15 anos possam atualizar a caderneta vacinal. Para isso, os postos de sa\u00fade do Estado v\u00e3o disponibilizar todas as&hellip;<\/p>\n","protected":false},"author":1,"featured_media":18534,"comment_status":"open","ping_status":"open","sticky":false,"template":"","format":"standard","meta":{"footnotes":""},"categories":[1],"tags":[],"class_list":["post-18533","post","type-post","status-publish","format-standard","has-post-thumbnail","hentry","category-noticias"],"_links":{"self":[{"href":"https:\/\/blogdorogeriogomes.com.br\/noticias\/wp-json\/wp\/v2\/posts\/18533","targetHints":{"allow":["GET"]}}],"collection":[{"href":"https:\/\/blogdorogeriogomes.com.br\/noticias\/wp-json\/wp\/v2\/posts"}],"about":[{"href":"https:\/\/blogdorogeriogomes.com.br\/noticias\/wp-json\/wp\/v2\/types\/post"}],"author":[{"embeddable":true,"href":"https:\/\/blogdorogeriogomes.com.br\/noticias\/wp-json\/wp\/v2\/users\/1"}],"replies":[{"embeddable":true,"href":"https:\/\/blogdorogeriogomes.com.br\/noticias\/wp-json\/wp\/v2\/comments?post=18533"}],"version-history":[{"count":1,"href":"https:\/\/blogdorogeriogomes.com.br\/noticias\/wp-json\/wp\/v2\/posts\/18533\/revisions"}],"predecessor-version":[{"id":18535,"href":"https:\/\/blogdorogeriogomes.com.br\/noticias\/wp-json\/wp\/v2\/posts\/18533\/revisions\/18535"}],"wp:featuredmedia":[{"embeddable":true,"href":"https:\/\/blogdorogeriogomes.com.br\/noticias\/wp-json\/wp\/v2\/media\/18534"}],"wp:attachment":[{"href":"https:\/\/blogdorogeriogomes.com.br\/noticias\/wp-json\/wp\/v2\/media?parent=18533"}],"wp:term":[{"taxonomy":"category","embeddable":true,"href":"https:\/\/blogdorogeriogomes.com.br\/noticias\/wp-json\/wp\/v2\/categories?post=18533"},{"taxonomy":"post_tag","embeddable":true,"href":"https:\/\/blogdorogeriogomes.com.br\/noticias\/wp-json\/wp\/v2\/tags?post=18533"}],"curies":[{"name":"wp","href":"https:\/\/api.w.org\/{rel}","templated":true}]}}