{"id":18537,"date":"2020-10-05T17:53:52","date_gmt":"2020-10-05T17:53:52","guid":{"rendered":"https:\/\/blogdorogeriogomes.com.br\/?p=18537"},"modified":"2020-10-06T18:33:02","modified_gmt":"2020-10-06T18:33:02","slug":"sarto-tera-o-maior-tempo-de-propaganda-eleitoral-no-radio-e-na-tv-capitao-wagner-vem-em-segundo","status":"publish","type":"post","link":"https:\/\/blogdorogeriogomes.com.br\/noticias\/2020\/10\/sarto-tera-o-maior-tempo-de-propaganda-eleitoral-no-radio-e-na-tv-capitao-wagner-vem-em-segundo\/","title":{"rendered":"Sarto ter\u00e1 o maior tempo de propaganda eleitoral no r\u00e1dio e na TV; Capit\u00e3o Wagner vem em segundo"},"content":{"rendered":"\n<p>Na pr\u00f3xima sexta-feira, dia 9 de outubro, come\u00e7a a ser veiculado nas emissoras de r\u00e1dio e de televis\u00e3o o hor\u00e1rio eleitoral gratuito das Elei\u00e7\u00f5es Municipais de 2020. Em Fortaleza, Jos\u00e9 Sarto (PDT) ter\u00e1 o maior tempo de exibi\u00e7\u00e3o entre os candidatos \u00e0 Prefeitura. Com a maior coliga\u00e7\u00e3o em sua chapa, o prefeitur\u00e1vel vai dispor de quatro minutos.<\/p>\n\n\n\n<p>Capit\u00e3o Wagner (Pros) tem o segundo maior grupo da disputa ao Pa\u00e7o Municipal e det\u00e9m o segundo lugar entre os maiores tempos de TV e r\u00e1dio, com 1 minuto e 30 segundos. A chapa de Wagner abrir\u00e1 o primeiro dia de transmiss\u00e3o do hor\u00e1rio eleitoral.<\/p>\n\n\n\n<p>Na sequ\u00eancia de candidatos com mais de 1 minuto de espa\u00e7o no hor\u00e1rio eleitoral, surgem Luizianne Lins (PT), com 1min11seg, Heitor Freire (PSL), com 1m08seg, e Heitor Ferrer (SD), com 1min02seg. Renato Roseno (PSOL), Anizio Melo (PCdoB), Samuel Braga (Patriota)&nbsp; e C\u00e9lio Studart (PV) juntos somam pouco mais de 60 segundos de exibi\u00e7\u00e3o. Dez partidos n\u00e3o ter\u00e3o direito a tempo de r\u00e1dio e TV.<\/p>\n\n\n\n<figure class=\"wp-block-image size-large\"><img loading=\"lazy\" decoding=\"async\" width=\"600\" height=\"400\" src=\"https:\/\/blogdorogeriogomes.com.br\/wp-content\/uploads\/2020\/10\/images-8.jpeg\" alt=\"\" class=\"wp-image-18538\" srcset=\"https:\/\/blogdorogeriogomes.com.br\/noticias\/wp-content\/uploads\/2020\/10\/images-8.jpeg 600w, https:\/\/blogdorogeriogomes.com.br\/noticias\/wp-content\/uploads\/2020\/10\/images-8-300x200.jpeg 300w\" sizes=\"auto, (max-width: 600px) 100vw, 600px\" \/><\/figure>\n","protected":false},"excerpt":{"rendered":"<p>Na pr\u00f3xima sexta-feira, dia 9 de outubro, come\u00e7a a ser veiculado nas emissoras de r\u00e1dio e de televis\u00e3o o hor\u00e1rio eleitoral gratuito das Elei\u00e7\u00f5es Municipais de 2020. Em Fortaleza, Jos\u00e9 Sarto (PDT) ter\u00e1 o maior tempo de exibi\u00e7\u00e3o entre os candidatos \u00e0 Prefeitura. Com a maior coliga\u00e7\u00e3o em sua chapa, o prefeitur\u00e1vel vai dispor de quatro minutos. Capit\u00e3o Wagner (Pros) tem o segundo maior grupo da disputa ao Pa\u00e7o Municipal e det\u00e9m o segundo lugar entre os maiores tempos&hellip;<\/p>\n","protected":false},"author":1,"featured_media":18538,"comment_status":"open","ping_status":"open","sticky":false,"template":"","format":"standard","meta":{"footnotes":""},"categories":[1],"tags":[],"class_list":["post-18537","post","type-post","status-publish","format-standard","has-post-thumbnail","hentry","category-noticias"],"_links":{"self":[{"href":"https:\/\/blogdorogeriogomes.com.br\/noticias\/wp-json\/wp\/v2\/posts\/18537","targetHints":{"allow":["GET"]}}],"collection":[{"href":"https:\/\/blogdorogeriogomes.com.br\/noticias\/wp-json\/wp\/v2\/posts"}],"about":[{"href":"https:\/\/blogdorogeriogomes.com.br\/noticias\/wp-json\/wp\/v2\/types\/post"}],"author":[{"embeddable":true,"href":"https:\/\/blogdorogeriogomes.com.br\/noticias\/wp-json\/wp\/v2\/users\/1"}],"replies":[{"embeddable":true,"href":"https:\/\/blogdorogeriogomes.com.br\/noticias\/wp-json\/wp\/v2\/comments?post=18537"}],"version-history":[{"count":1,"href":"https:\/\/blogdorogeriogomes.com.br\/noticias\/wp-json\/wp\/v2\/posts\/18537\/revisions"}],"predecessor-version":[{"id":18539,"href":"https:\/\/blogdorogeriogomes.com.br\/noticias\/wp-json\/wp\/v2\/posts\/18537\/revisions\/18539"}],"wp:featuredmedia":[{"embeddable":true,"href":"https:\/\/blogdorogeriogomes.com.br\/noticias\/wp-json\/wp\/v2\/media\/18538"}],"wp:attachment":[{"href":"https:\/\/blogdorogeriogomes.com.br\/noticias\/wp-json\/wp\/v2\/media?parent=18537"}],"wp:term":[{"taxonomy":"category","embeddable":true,"href":"https:\/\/blogdorogeriogomes.com.br\/noticias\/wp-json\/wp\/v2\/categories?post=18537"},{"taxonomy":"post_tag","embeddable":true,"href":"https:\/\/blogdorogeriogomes.com.br\/noticias\/wp-json\/wp\/v2\/tags?post=18537"}],"curies":[{"name":"wp","href":"https:\/\/api.w.org\/{rel}","templated":true}]}}